{"id":136148,"date":"2019-03-19T06:00:33","date_gmt":"2019-03-19T09:00:33","guid":{"rendered":"https:\/\/diarioregionaldigital.com.br\/?p=136148"},"modified":"2019-03-18T20:07:55","modified_gmt":"2019-03-18T23:07:55","slug":"castro-minas-rio-industria-19-03-19","status":"publish","type":"post","link":"https:\/\/diarioregionaldigital.com.br\/?p=136148","title":{"rendered":"Castro Minas Rio Ind\u00fastria &#8211; 19\/03\/19"},"content":{"rendered":"<p style=\"text-align: center;\"><strong>PUBLICA\u00c7\u00c3O <\/strong><\/p>\n<p style=\"text-align: center;\">Castor Minas Rio Ind\u00fastria e Com\u00e9rcio de Colch\u00f5es Ltda, por determina\u00e7\u00e3o do COMDEMA-Conselho Municipal de Meio Ambiente, torna p\u00fablico que\u00a0solicitou,\u00a0por meio do Processo n\u00ba 3866\/2004, a Renova\u00e7\u00e3o da Licen\u00e7a de Opera\u00e7\u00e3o, para a atividade B-10-03-0- Fabrica\u00e7\u00e3o de m\u00f3veis estofados ou de colch\u00f5es, com fabrica\u00e7\u00e3o de espuma, localizado na Rua Dr. Eul\u00e1dio Lopes, 100 , Distrito Industrial, Juiz de Fora- MG.<\/p>\n","protected":false},"excerpt":{"rendered":"<p>PUBLICA\u00c7\u00c3O Castor Minas Rio Ind\u00fastria e Com\u00e9rcio de Colch\u00f5es Ltda, por determina\u00e7\u00e3o do COMDEMA-Conselho Municipal de Meio Ambiente, torna p\u00fablico que\u00a0solicitou,\u00a0por meio do Processo n\u00ba 3866\/2004, a Renova\u00e7\u00e3o da Licen\u00e7a de Opera\u00e7\u00e3o, para a atividade B-10-03-0- Fabrica\u00e7\u00e3o de m\u00f3veis estofados ou de colch\u00f5es, com fabrica\u00e7\u00e3o de espuma, localizado na Rua Dr. Eul\u00e1dio Lopes, 100 , [&hellip;]<\/p>\n","protected":false},"author":96,"featured_media":0,"comment_status":"closed","ping_status":"closed","sticky":false,"template":"","format":"standard","meta":{"footnotes":""},"categories":[307],"tags":[],"class_list":["post-136148","post","type-post","status-publish","format-standard","hentry","category-editais"],"_links":{"self":[{"href":"https:\/\/diarioregionaldigital.com.br\/index.php?rest_route=\/wp\/v2\/posts\/136148","targetHints":{"allow":["GET"]}}],"collection":[{"href":"https:\/\/diarioregionaldigital.com.br\/index.php?rest_route=\/wp\/v2\/posts"}],"about":[{"href":"https:\/\/diarioregionaldigital.com.br\/index.php?rest_route=\/wp\/v2\/types\/post"}],"author":[{"embeddable":true,"href":"https:\/\/diarioregionaldigital.com.br\/index.php?rest_route=\/wp\/v2\/users\/96"}],"replies":[{"embeddable":true,"href":"https:\/\/diarioregionaldigital.com.br\/index.php?rest_route=%2Fwp%2Fv2%2Fcomments&post=136148"}],"version-history":[{"count":0,"href":"https:\/\/diarioregionaldigital.com.br\/index.php?rest_route=\/wp\/v2\/posts\/136148\/revisions"}],"wp:attachment":[{"href":"https:\/\/diarioregionaldigital.com.br\/index.php?rest_route=%2Fwp%2Fv2%2Fmedia&parent=136148"}],"wp:term":[{"taxonomy":"category","embeddable":true,"href":"https:\/\/diarioregionaldigital.com.br\/index.php?rest_route=%2Fwp%2Fv2%2Fcategories&post=136148"},{"taxonomy":"post_tag","embeddable":true,"href":"https:\/\/diarioregionaldigital.com.br\/index.php?rest_route=%2Fwp%2Fv2%2Ftags&post=136148"}],"curies":[{"name":"wp","href":"https:\/\/api.w.org\/{rel}","templated":true}]}}