{"id":136132,"date":"2019-03-19T06:00:05","date_gmt":"2019-03-19T09:00:05","guid":{"rendered":"https:\/\/diarioregionaldigital.com.br\/?p=136132"},"modified":"2019-03-18T20:13:38","modified_gmt":"2019-03-18T23:13:38","slug":"especialista-orienta-sobre-a-escolha-do-peixe","status":"publish","type":"post","link":"https:\/\/diarioregionaldigital.com.br\/?p=136132","title":{"rendered":"Especialista orienta sobre a escolha do peixe"},"content":{"rendered":"<p>No per\u00edodo da Quaresma, muitos cat\u00f3licos seguem \u00e0 risca a tradi\u00e7\u00e3o de n\u00e3o se comer carne vermelha durante os 40 dias at\u00e9 a P\u00e1scoa. Nesta \u00e9poca do ano, \u00e9 comum um aumento na movimenta\u00e7\u00e3o nas peixarias na busca pelos peixes para completar o card\u00e1pio.<\/p>\n<p>Os produtos com pre\u00e7o mais em conta, como sardinha e cavalinha, est\u00e3o entre os mais procurados. A expectativa dos comerciantes \u00e9 que essa demanda seja ainda maior durante a Semana Santa.<\/p>\n<p>Segundo a Nutricionista Adriana Macedo Vargas, o peixe nos favorece em quest\u00f5es de digestibilidade e pelo n\u00famero de minerais. \u201cO peixe \u00e9 uma prote\u00edna de origem animal. O tecido conjuntivo do peixe \u00e9 flex\u00edvel ent\u00e3o \u00e9 de f\u00e1cil digest\u00e3o. A digestibilidade, a absor\u00e7\u00e3o de todas as prote\u00ednas que o peixe prop\u00f5e seria de muito mais f\u00e1cil aceita\u00e7\u00e3o para todas as idades, para todas as etapas da vida\u201d, explica. Os peixes s\u00e3o uma das melhores fontes de \u00e1cidos graxos \u00f4mega-3, importantes para o funcionamento do corpo e do c\u00e9rebro. \u201cFora sel\u00eanio, zinco e magn\u00e9sio que s\u00e3o minerais important\u00edssimos para os ossos e m\u00fasculos, tecido conjuntivo, para a parte do cabelo, para a parte dermatol\u00f3gica. A quantidade de antioxidante do peixe \u00e9 mais elevada do que na carne vermelha, que tem maior quantidade de prote\u00edna, mas uma dificuldade que seria a digestibilidade e outras coisas mais\u201d, comenta.<\/p>\n<div id=\"attachment_136134\" style=\"width: 517px\" class=\"wp-caption aligncenter\"><img loading=\"lazy\" decoding=\"async\" aria-describedby=\"caption-attachment-136134\" class=\" wp-image-136134\" src=\"https:\/\/diarioregionaldigital.com.br\/wp-content\/uploads\/2019\/03\/RAFAELA-FRUTUOSO-USAR-ESSA-2-1-300x200.jpg\" alt=\"\" width=\"507\" height=\"338\" srcset=\"https:\/\/diarioregionaldigital.com.br\/wp-content\/uploads\/2019\/03\/RAFAELA-FRUTUOSO-USAR-ESSA-2-1-300x200.jpg 300w, https:\/\/diarioregionaldigital.com.br\/wp-content\/uploads\/2019\/03\/RAFAELA-FRUTUOSO-USAR-ESSA-2-1-768x512.jpg 768w, https:\/\/diarioregionaldigital.com.br\/wp-content\/uploads\/2019\/03\/RAFAELA-FRUTUOSO-USAR-ESSA-2-1-1024x683.jpg 1024w, https:\/\/diarioregionaldigital.com.br\/wp-content\/uploads\/2019\/03\/RAFAELA-FRUTUOSO-USAR-ESSA-2-1-360x240.jpg 360w\" sizes=\"auto, (max-width: 507px) 100vw, 507px\" \/><p id=\"caption-attachment-136134\" class=\"wp-caption-text\">A expectativa dos comerciantes \u00e9 que essa demanda seja ainda maior durante a Semana Santa. Foto: Arquivo\/Rafaela Frutuoso<\/p><\/div>\n<p>Na hora de escolher o produto, surgem v\u00e1rias d\u00favidas sobre o pescado ideal. A Nutricionista Adriana d\u00e1 algumas dicas para que os consumidores n\u00e3o errem no momento da compra. \u201cParticularmente eu n\u00e3o gosto de comprar peixes congelados porque o m\u00e9todo de congelar o peixe passa por processos em que perdemos alguns nutrientes, n\u00e3o v\u00e3o estar adequados. A parte da fibra fica esfarelada e eu n\u00e3o consigo executar meu preparado de forma eficiente\u201d, orienta. Adriana diz que sempre busca por peixaria com peixes frescos. \u201cA\u00ed vou manter uma amizade com o propriet\u00e1rio ou com o vendedor e entender como \u00e9 o percurso desse produto. Tamb\u00e9m manejo o visual, olfativo daquele peixe na hora e vejo as guelras, as escamas se est\u00e3o soltando com facilidade, observa o olho do peixe quando comprado inteiro\u201d, orienta. Ela ainda fala que ao optar por comprar o peixe j\u00e1 cortado deve-se basear na confian\u00e7a. \u201cJ\u00e1 est\u00e1 cortado, j\u00e1 est\u00e1 manipulado e voc\u00ea n\u00e3o tem mais informa\u00e7\u00e3o de como estava aquele peixe\u201d, disse.<\/p>\n<p>Ao escolher qual tipo de peixe comprar a nutricionista refor\u00e7a a import\u00e2ncia dos produtos seremcomprados em locais confi\u00e1veis para que o consumidor possa saber informa\u00e7\u00f5es sobre o alimento. Alguns tipos citados por Adriana s\u00e3o a truta, o dourado, a til\u00e1pia, a garoupa, salm\u00e3o, sardinha e merluza. \u201cOs indicados dependem da regi\u00e3o em que voc\u00ea est\u00e1. Os que eu falei s\u00e3o perfeitos e tem a quantidade de f\u00f3sforo, vitamina D e c\u00e1lcioexcelent\u00edssima para as fun\u00e7\u00f5es cerebrais, sinapse nervosa\u201d, disse. Adriana tamb\u00e9m indica frutos do mar como op\u00e7\u00e3o, sendo uma delas o camar\u00e3o como uma poss\u00edvel escolha, mas faz uma ressalva quanto ao consumo pelas crian\u00e7as caso n\u00e3o tenha atestado a alergia a esse alimento. No geral, para os pais, Adriana orienta que \u201ca partir do momento que a crian\u00e7a passou a sair do leite e entrou na prote\u00edna o peixe j\u00e1 seria uma das op\u00e7\u00f5es. \u00c9 importante que o primeiro local de entrada seja em casa para que possa observar se a crian\u00e7a tem ou n\u00e3o alguma alergia\u201d, explica. Quanto aos problemas com espinha, a nutricionista aconselha o ca\u00e7\u00e3o como melhor op\u00e7\u00e3o para o card\u00e1pio das crian\u00e7as.<\/p>\n<p>Conforme explica a Nutricionista Adriana Macedo Vargas, \u201calgumas patologias espec\u00edficas v\u00e3o impedir o consumo de peixe, alguns pacientes renais cr\u00f4nicos e temos que tomar muito cuidado quanto a isso exatamente pelo elevado n\u00famero de minerais. Alguns tipos de alergia espec\u00edficos, por exemplo, as toxinas e infec\u00e7\u00f5es alimentares severas por mau cozimento e origem duvidosa. O peixe \u00e9 um produto de elevada toxina e muito alerg\u00eanico e se a pessoa tiver uma propens\u00e3o a alergia \u00e9 preciso ficar muito atento e evitar fazer esse consumo na rua\u201d, conclui.<\/p>\n","protected":false},"excerpt":{"rendered":"<p>No per\u00edodo da Quaresma, muitos cat\u00f3licos seguem \u00e0 risca a tradi\u00e7\u00e3o de n\u00e3o se comer carne vermelha durante os 40 dias at\u00e9 a P\u00e1scoa. Nesta \u00e9poca do ano, \u00e9 comum um aumento na movimenta\u00e7\u00e3o nas peixarias na busca pelos peixes para completar o card\u00e1pio. Os produtos com pre\u00e7o mais em conta, como sardinha e cavalinha, [&hellip;]<\/p>\n","protected":false},"author":96,"featured_media":136133,"comment_status":"closed","ping_status":"closed","sticky":false,"template":"","format":"standard","meta":{"footnotes":""},"categories":[253,436,440,439],"tags":[],"class_list":["post-136132","post","type-post","status-publish","format-standard","has-post-thumbnail","hentry","category-cidade","category-destaque-da-semana","category-destaques-do-dia","category-ultima-hora"],"_links":{"self":[{"href":"https:\/\/diarioregionaldigital.com.br\/index.php?rest_route=\/wp\/v2\/posts\/136132","targetHints":{"allow":["GET"]}}],"collection":[{"href":"https:\/\/diarioregionaldigital.com.br\/index.php?rest_route=\/wp\/v2\/posts"}],"about":[{"href":"https:\/\/diarioregionaldigital.com.br\/index.php?rest_route=\/wp\/v2\/types\/post"}],"author":[{"embeddable":true,"href":"https:\/\/diarioregionaldigital.com.br\/index.php?rest_route=\/wp\/v2\/users\/96"}],"replies":[{"embeddable":true,"href":"https:\/\/diarioregionaldigital.com.br\/index.php?rest_route=%2Fwp%2Fv2%2Fcomments&post=136132"}],"version-history":[{"count":0,"href":"https:\/\/diarioregionaldigital.com.br\/index.php?rest_route=\/wp\/v2\/posts\/136132\/revisions"}],"wp:featuredmedia":[{"embeddable":true,"href":"https:\/\/diarioregionaldigital.com.br\/index.php?rest_route=\/wp\/v2\/media\/136133"}],"wp:attachment":[{"href":"https:\/\/diarioregionaldigital.com.br\/index.php?rest_route=%2Fwp%2Fv2%2Fmedia&parent=136132"}],"wp:term":[{"taxonomy":"category","embeddable":true,"href":"https:\/\/diarioregionaldigital.com.br\/index.php?rest_route=%2Fwp%2Fv2%2Fcategories&post=136132"},{"taxonomy":"post_tag","embeddable":true,"href":"https:\/\/diarioregionaldigital.com.br\/index.php?rest_route=%2Fwp%2Fv2%2Ftags&post=136132"}],"curies":[{"name":"wp","href":"https:\/\/api.w.org\/{rel}","templated":true}]}}