{"id":136128,"date":"2019-03-18T18:43:40","date_gmt":"2019-03-18T21:43:40","guid":{"rendered":"https:\/\/diarioregionaldigital.com.br\/?p=136128"},"modified":"2019-03-18T18:46:09","modified_gmt":"2019-03-18T21:46:09","slug":"homem-que-atropelou-ex-namorada-e-condenado-a-mais-de-13-anos-de-prisao-em-juiz-de-fora","status":"publish","type":"post","link":"https:\/\/diarioregionaldigital.com.br\/?p=136128","title":{"rendered":"Homem que atropelou ex-namorada \u00e9 condenado a mais de 13 anos de pris\u00e3o em Juiz de Fora"},"content":{"rendered":"<p>Um homem foi condenado a 13 anos e 4 meses de deten\u00e7\u00e3o em regime inicial fechado pela tentativa de feminic\u00eddio da ex-namorada e pela tentativa de homic\u00eddio de outras tr\u00eas pessoas. A decis\u00e3o \u00e9 do\u00a0Tribunal do J\u00fari da Comarca de Juiz de Fora em julgamento realizado sob a presid\u00eancia do juiz Paulo Trist\u00e3o Machado J\u00fanior no \u00faltimo dia 13 de mar\u00e7o.<\/p>\n<p>De acordo com a den\u00fancia do Minist\u00e9rio P\u00fablico, na madrugada no dia 30 de outubro de 2015, em um bar em Juiz de Fora, o autor atropelou a ex-namorada por n\u00e3o se conformar com o fim do relacionamento. De acordo com o MP, ao jogar o carro contra a mulher, o r\u00e9u assumiu o risco de fazer outras v\u00edtimas, tendo, de fato, atropelado tr\u00eas pessoas que estavam no local.<\/p>\n<p>Os jurados\u00a0ocondenaram\u00a0pelas tr\u00eas tentativas de homic\u00eddio, contra outras tr\u00eas v\u00edtimas, sendo o filho da ex-namorada e outras duas mulheres, e pela tentativa de feminic\u00eddio contra a companheira, com o agravante de o crime ter sido cometido na frente de um dos descendentes dela \u2013 o filho.<\/p>\n<p>Ao estabelecer a pena, o juiz Paulo Trist\u00e3o observou que o r\u00e9u n\u00e3o possu\u00eda antecedentes criminais e sua personalidade e conduta social \u201cn\u00e3o restaram maculadas\u201d. Em rela\u00e7\u00e3o \u00e0 culpabilidade\u00a0quanto a todas as v\u00edtimas, avaliou ter sido reprov\u00e1vel\u00a0usar o ve\u00edculo, em velocidade, para subir na cal\u00e7ada e\u00a0atingi-las na mesa de um bar, com o risco de ferir ou causar a morte de outras pessoas.<\/p>\n<p>Quanto \u00e0 v\u00edtima Maria L\u00facia, o magistrado ressaltou que as consequ\u00eancias extrapolavam os limites do tipo penal, afirmando que a mulher se encontrava \u201cat\u00e9 hoje traumatizada psicologicamente\u201d e n\u00e3o havia se relacionado amorosamente com mais ningu\u00e9m, tendo deixado de ter vida social, \u201csaindo de casa apenas para o trabalho\u201d.<\/p>\n<p>O magistrado destacou tamb\u00e9m o motivo do crime, qual seja, o inconformismo com a v\u00edtima pelo rompimento do relacionamento amoroso que mantinham. \u201cAs circunst\u00e2ncias tamb\u00e9m s\u00e3o desfavor\u00e1veis, j\u00e1 que as quatro v\u00edtimas tiveram suas defesas impossibilitadas\u00a0ao serem surpreendidas pelo ve\u00edculo conduzido pelo r\u00e9u\u201d, acrescentou.<\/p>\n<p>Tendo em vista esses e outros aspectos, como a confiss\u00e3o do r\u00e9u, o juiz fixou a pena em 13 anos e 4 meses de reclus\u00e3o, em regime inicial fechado. N\u00e3o foi concedido o direito de recorrer em liberdade.<\/p>\n<p>&nbsp;<\/p>\n","protected":false},"excerpt":{"rendered":"<p>Um homem foi condenado a 13 anos e 4 meses de deten\u00e7\u00e3o em regime inicial fechado pela tentativa de feminic\u00eddio da ex-namorada e pela tentativa de homic\u00eddio de outras tr\u00eas pessoas. A decis\u00e3o \u00e9 do\u00a0Tribunal do J\u00fari da Comarca de Juiz de Fora em julgamento realizado sob a presid\u00eancia do juiz Paulo Trist\u00e3o Machado J\u00fanior [&hellip;]<\/p>\n","protected":false},"author":96,"featured_media":130741,"comment_status":"closed","ping_status":"closed","sticky":false,"template":"","format":"standard","meta":{"footnotes":""},"categories":[253,436,440,439],"tags":[],"class_list":["post-136128","post","type-post","status-publish","format-standard","has-post-thumbnail","hentry","category-cidade","category-destaque-da-semana","category-destaques-do-dia","category-ultima-hora"],"_links":{"self":[{"href":"https:\/\/diarioregionaldigital.com.br\/index.php?rest_route=\/wp\/v2\/posts\/136128","targetHints":{"allow":["GET"]}}],"collection":[{"href":"https:\/\/diarioregionaldigital.com.br\/index.php?rest_route=\/wp\/v2\/posts"}],"about":[{"href":"https:\/\/diarioregionaldigital.com.br\/index.php?rest_route=\/wp\/v2\/types\/post"}],"author":[{"embeddable":true,"href":"https:\/\/diarioregionaldigital.com.br\/index.php?rest_route=\/wp\/v2\/users\/96"}],"replies":[{"embeddable":true,"href":"https:\/\/diarioregionaldigital.com.br\/index.php?rest_route=%2Fwp%2Fv2%2Fcomments&post=136128"}],"version-history":[{"count":0,"href":"https:\/\/diarioregionaldigital.com.br\/index.php?rest_route=\/wp\/v2\/posts\/136128\/revisions"}],"wp:featuredmedia":[{"embeddable":true,"href":"https:\/\/diarioregionaldigital.com.br\/index.php?rest_route=\/wp\/v2\/media\/130741"}],"wp:attachment":[{"href":"https:\/\/diarioregionaldigital.com.br\/index.php?rest_route=%2Fwp%2Fv2%2Fmedia&parent=136128"}],"wp:term":[{"taxonomy":"category","embeddable":true,"href":"https:\/\/diarioregionaldigital.com.br\/index.php?rest_route=%2Fwp%2Fv2%2Fcategories&post=136128"},{"taxonomy":"post_tag","embeddable":true,"href":"https:\/\/diarioregionaldigital.com.br\/index.php?rest_route=%2Fwp%2Fv2%2Ftags&post=136128"}],"curies":[{"name":"wp","href":"https:\/\/api.w.org\/{rel}","templated":true}]}}