{"id":136123,"date":"2019-03-18T18:38:24","date_gmt":"2019-03-18T21:38:24","guid":{"rendered":"https:\/\/diarioregionaldigital.com.br\/?p=136123"},"modified":"2019-03-18T20:05:51","modified_gmt":"2019-03-18T23:05:51","slug":"canil-municipal-realiza-evento-de-adocao-exclusivo-para-gatos","status":"publish","type":"post","link":"https:\/\/diarioregionaldigital.com.br\/?p=136123","title":{"rendered":"Canil Municipal realiza evento de ado\u00e7\u00e3o exclusivo para gatos"},"content":{"rendered":"<p>Felinos resgatados pelo Canil Municipal participar\u00e3o de um evento de ado\u00e7\u00e3o exclusivo nesta ter\u00e7a-feira, 19. Cerca de oito gatos, entre filhotes e adultos, estar\u00e3o na Pra\u00e7a de Santa Luzia, no bairro de mesmo nome, das 12 \u00e0s 15 horas, em busca de novos tutores. A iniciativa faz parte da programa\u00e7\u00e3o do projeto \u201cBem Comum Bairros\u201d, desenvolvido pela Secretaria de Comunica\u00e7\u00e3o Social (SCS).<\/p>\n<p>Organizado pelo Departamento de Controle Animal (Dcan), em parceria com a Cl\u00ednica Veterin\u00e1ria Santa Luzia, Agrotela e Ra\u00e7\u00f5es Matsuda, o evento oferecer\u00e1 orienta\u00e7\u00f5es veterin\u00e1rias gratuitas aos donos de pets que passarem pelo local. Uma equipe, respons\u00e1vel pelas campanhas educativas, distribuir\u00e1 material com informa\u00e7\u00f5es sobre o crime de abandono de animais e servi\u00e7os oferecidos pelo Canil.<\/p>\n<p>Para adotar, os interessados devem passar por uma entrevista em que ser\u00e3o avaliadas as condi\u00e7\u00f5es necess\u00e1rias de cuidados e seguran\u00e7a dos animais. Os felinos adultos, machos e f\u00eameas, ser\u00e3o entregues castrados, e os filhotes, com compromisso de castra\u00e7\u00e3o agendado. \u201cQualquer pessoa maior de 18 anos e disposta a dar amor pode adotar. Mas \u00e9 necess\u00e1rio ter consci\u00eancia das responsabilidades, dos gastos e cuidados que ter\u00e1. O adotante \u00e9 a parte mais importante do nosso trabalho\u201d, comenta a gerente do Dcan, Miriam Neder, sobre a necessidade de encontrar lares respons\u00e1veis para os animais do Canil Municipal.<\/p>\n<p>Fonte: Assessoria<\/p>\n","protected":false},"excerpt":{"rendered":"<p>Felinos resgatados pelo Canil Municipal participar\u00e3o de um evento de ado\u00e7\u00e3o exclusivo nesta ter\u00e7a-feira, 19. Cerca de oito gatos, entre filhotes e adultos, estar\u00e3o na Pra\u00e7a de Santa Luzia, no bairro de mesmo nome, das 12 \u00e0s 15 horas, em busca de novos tutores. A iniciativa faz parte da programa\u00e7\u00e3o do projeto \u201cBem Comum Bairros\u201d, [&hellip;]<\/p>\n","protected":false},"author":96,"featured_media":136140,"comment_status":"closed","ping_status":"closed","sticky":false,"template":"","format":"standard","meta":{"footnotes":""},"categories":[253,436,440,439],"tags":[],"class_list":["post-136123","post","type-post","status-publish","format-standard","has-post-thumbnail","hentry","category-cidade","category-destaque-da-semana","category-destaques-do-dia","category-ultima-hora"],"_links":{"self":[{"href":"https:\/\/diarioregionaldigital.com.br\/index.php?rest_route=\/wp\/v2\/posts\/136123","targetHints":{"allow":["GET"]}}],"collection":[{"href":"https:\/\/diarioregionaldigital.com.br\/index.php?rest_route=\/wp\/v2\/posts"}],"about":[{"href":"https:\/\/diarioregionaldigital.com.br\/index.php?rest_route=\/wp\/v2\/types\/post"}],"author":[{"embeddable":true,"href":"https:\/\/diarioregionaldigital.com.br\/index.php?rest_route=\/wp\/v2\/users\/96"}],"replies":[{"embeddable":true,"href":"https:\/\/diarioregionaldigital.com.br\/index.php?rest_route=%2Fwp%2Fv2%2Fcomments&post=136123"}],"version-history":[{"count":0,"href":"https:\/\/diarioregionaldigital.com.br\/index.php?rest_route=\/wp\/v2\/posts\/136123\/revisions"}],"wp:featuredmedia":[{"embeddable":true,"href":"https:\/\/diarioregionaldigital.com.br\/index.php?rest_route=\/wp\/v2\/media\/136140"}],"wp:attachment":[{"href":"https:\/\/diarioregionaldigital.com.br\/index.php?rest_route=%2Fwp%2Fv2%2Fmedia&parent=136123"}],"wp:term":[{"taxonomy":"category","embeddable":true,"href":"https:\/\/diarioregionaldigital.com.br\/index.php?rest_route=%2Fwp%2Fv2%2Fcategories&post=136123"},{"taxonomy":"post_tag","embeddable":true,"href":"https:\/\/diarioregionaldigital.com.br\/index.php?rest_route=%2Fwp%2Fv2%2Ftags&post=136123"}],"curies":[{"name":"wp","href":"https:\/\/api.w.org\/{rel}","templated":true}]}}