{"id":136122,"date":"2019-03-18T18:37:32","date_gmt":"2019-03-18T21:37:32","guid":{"rendered":"https:\/\/diarioregionaldigital.com.br\/?p=136122"},"modified":"2019-03-18T18:37:32","modified_gmt":"2019-03-18T21:37:32","slug":"apos-alerta-de-risco-em-barragem-na-zona-da-mata-transito-e-interrompido-em-tres-estradas-vicinais-e-na-mg-353","status":"publish","type":"post","link":"https:\/\/diarioregionaldigital.com.br\/?p=136122","title":{"rendered":"Ap\u00f3s alerta de risco em barragem na Zona da Mata, tr\u00e2nsito \u00e9 interrompido em tr\u00eas estradas vicinais e na MG-353"},"content":{"rendered":"<p>Ap\u00f3s o alerta de risco de rompimento da barragem\u00a0da Pequena Central Hidrel\u00e9trica (PCH) Mello, que pertence \u00e0 Vale e fica localizada no munic\u00edpio de Rio Preto, tr\u00eas pontos de passagem nas estradas vicinais das \u00e1reas consideradas de risco foram interditados: Quitote, Campo do Lico e no entroncamento com Furtado no munic\u00edpio de Rio Preto.<\/p>\n<p>J\u00e1 na MG-353, pr\u00f3ximo ao Ribeir\u00e3o Santanna, o fluxo de ve\u00edculos est\u00e1 sendo coordenado no esquema siga e pare. Segundo o pronunciamento feito atrav\u00e9s das redes sociais da Prefeitura de Rio Preto, de acordo com a mineradora, em comunicado oficial, \u201co acionamento ocorreu preventivamente devido \u00e0 eleva\u00e7\u00e3o do n\u00edvel de \u00e1gua no reservat\u00f3rio da\u00a0hidrel\u00e9trica e poss\u00edvel ultrapassagem do limite estabelecido pelas normas de engenharia. A eleva\u00e7\u00e3o do n\u00edvel de \u00e1gua foi causada pelas chuvas intensas na regi\u00e3o de sexta para s\u00e1bado\u201d, disse. Ainda no comunicado, a empresa informou que est\u00e1 monitorando a situa\u00e7\u00e3o e refor\u00e7a que o n\u00edvel de \u00e1gua do reservat\u00f3rio n\u00e3o extrapolou o limite de estabilidade da barragem e o acionamento do Plano de emerg\u00eancia foi preventivo. A barragem encontra-se est\u00e1vel e n\u00e3o h\u00e1 previs\u00e3o de retirada do alerta.<\/p>\n<p>No \u00faltimo s\u00e1bado, 16, 29 pessoas foram removidas de suas casas entre os munic\u00edpios de Santa B\u00e1rbara do Monte Verde e Rio Preto, a cerca de 80 quil\u00f4metros de Juiz de Fora. Segundo informa\u00e7\u00f5es da Pol\u00edcia Militar, a Vale solicitou a medida de seguran\u00e7a ap\u00f3s as fortes chuvas que teriam elevado a barragem para n\u00edvel 2 de risco.<\/p>\n<p>As 19 fam\u00edlias afetadas foram encaminhadas para hot\u00e9is e pousadas da regi\u00e3o, com apoio da PM e da Defesa Civil.<\/p>\n<p>Toda a opera\u00e7\u00e3o das a\u00e7\u00f5es emergenciais est\u00e1 sendo coordenada em parceria pela Defesa Civil Estadual, Pol\u00edcia Militar, Corpo de Bombeiros, Vale e Defesa Civil Municipal.<\/p>\n<p>&nbsp;<\/p>\n","protected":false},"excerpt":{"rendered":"<p>Ap\u00f3s o alerta de risco de rompimento da barragem\u00a0da Pequena Central Hidrel\u00e9trica (PCH) Mello, que pertence \u00e0 Vale e fica localizada no munic\u00edpio de Rio Preto, tr\u00eas pontos de passagem nas estradas vicinais das \u00e1reas consideradas de risco foram interditados: Quitote, Campo do Lico e no entroncamento com Furtado no munic\u00edpio de Rio Preto. J\u00e1 [&hellip;]<\/p>\n","protected":false},"author":96,"featured_media":95105,"comment_status":"closed","ping_status":"closed","sticky":false,"template":"","format":"standard","meta":{"footnotes":""},"categories":[436,440,252,439],"tags":[],"class_list":["post-136122","post","type-post","status-publish","format-standard","has-post-thumbnail","hentry","category-destaque-da-semana","category-destaques-do-dia","category-regiao","category-ultima-hora"],"_links":{"self":[{"href":"https:\/\/diarioregionaldigital.com.br\/index.php?rest_route=\/wp\/v2\/posts\/136122","targetHints":{"allow":["GET"]}}],"collection":[{"href":"https:\/\/diarioregionaldigital.com.br\/index.php?rest_route=\/wp\/v2\/posts"}],"about":[{"href":"https:\/\/diarioregionaldigital.com.br\/index.php?rest_route=\/wp\/v2\/types\/post"}],"author":[{"embeddable":true,"href":"https:\/\/diarioregionaldigital.com.br\/index.php?rest_route=\/wp\/v2\/users\/96"}],"replies":[{"embeddable":true,"href":"https:\/\/diarioregionaldigital.com.br\/index.php?rest_route=%2Fwp%2Fv2%2Fcomments&post=136122"}],"version-history":[{"count":0,"href":"https:\/\/diarioregionaldigital.com.br\/index.php?rest_route=\/wp\/v2\/posts\/136122\/revisions"}],"wp:featuredmedia":[{"embeddable":true,"href":"https:\/\/diarioregionaldigital.com.br\/index.php?rest_route=\/wp\/v2\/media\/95105"}],"wp:attachment":[{"href":"https:\/\/diarioregionaldigital.com.br\/index.php?rest_route=%2Fwp%2Fv2%2Fmedia&parent=136122"}],"wp:term":[{"taxonomy":"category","embeddable":true,"href":"https:\/\/diarioregionaldigital.com.br\/index.php?rest_route=%2Fwp%2Fv2%2Fcategories&post=136122"},{"taxonomy":"post_tag","embeddable":true,"href":"https:\/\/diarioregionaldigital.com.br\/index.php?rest_route=%2Fwp%2Fv2%2Ftags&post=136122"}],"curies":[{"name":"wp","href":"https:\/\/api.w.org\/{rel}","templated":true}]}}