{"id":136115,"date":"2019-03-19T06:00:32","date_gmt":"2019-03-19T09:00:32","guid":{"rendered":"https:\/\/diarioregionaldigital.com.br\/?p=136115"},"modified":"2019-03-19T16:41:58","modified_gmt":"2019-03-19T19:41:58","slug":"olha-so-15","status":"publish","type":"post","link":"https:\/\/diarioregionaldigital.com.br\/?p=136115","title":{"rendered":"Olha S\u00f3"},"content":{"rendered":"<p style=\"text-align: center;\"><strong>Trag\u00e9dias<\/strong><\/p>\n<p style=\"text-align: center;\">2019 est\u00e1 provando que ningu\u00e9m est\u00e1 livre para trag\u00e9dias. O desabamento da barragem em Brumadinho, a morte de 10 adolescentes no CT do Flamengo, as enchentes e a colis\u00e3o de trens no Rio, o desastre a\u00e9reo que matou o jornalista Ricardo Boechat e a trag\u00e9dia em Suzano foram as not\u00edcias que reverberaram pelo Brasil logo no in\u00edcio de 2019. Ningu\u00e9m est\u00e1 preparado para trag\u00e9dias e todo mundo acredita que um novo ano ser\u00e1 de realiza\u00e7\u00f5es positivas. Mas as trag\u00e9dias n\u00e3o escolhem qual a melhor data para acontecer, elas simplesmente acontecem. Infelizmente.<\/p>\n<p style=\"text-align: center;\"><strong>Esporte<\/strong><\/p>\n<p style=\"text-align: center;\">O futebol brasileiro parece n\u00e3o ter crise. A \u00faltima novidade \u00e9 que o BMG est\u00e1 prestes a selar com o Vasco um contrato de patroc\u00ednio nos mesmos moldes do que selou com o Corinthians. O banco j\u00e1 fechou prop\u00f3sitos e \u00e9 o segundo de uma s\u00e9rie que o banco pretende patrocinar.<\/p>\n<p style=\"text-align: center;\"><strong>Dica<\/strong><\/p>\n<p style=\"text-align: center;\">Participar do Dia da Noiva, dia 27 de mar\u00e7o, na Maison by Candy no Mister Shopping, 2\u00ba piso. V\u00e1rias dicas para o dia mais importante da mulher.<\/p>\n<p style=\"text-align: center;\"><strong>Crise<\/strong><\/p>\n<p style=\"text-align: center;\">O Brasil ainda n\u00e3o superou a crise econ\u00f4mica e o jeitinho brasileiro \u00e9 tentar o exterior. O exemplo \u00e9 a Farm, grife carioca que come\u00e7ou numa feira na zona sul do Rio e lan\u00e7ar\u00e1, hoje, seu e-commerce nos EUA. Este ano, al\u00e9m de espa\u00e7os exclusivos na loja da grife Anthropologie, a Farm tamb\u00e9m vender\u00e1 pe\u00e7as na Amazon.<\/p>\n<p style=\"text-align: center;\"><strong>Olha S\u00f3<\/strong><\/p>\n<p style=\"text-align: center;\">A sucess\u00e3o municipal j\u00e1 est\u00e1 movimentando as cidades de Minas Gerais. O assunto deve ser tratado de maneira definitiva no ano que vem, mas as elei\u00e7\u00f5es municipais j\u00e1 \u00e9 assunto do dia entre os grupos pol\u00edticos em diferentes cidades.<\/p>\n<div id=\"attachment_136101\" style=\"width: 690px\" class=\"wp-caption aligncenter\"><img loading=\"lazy\" decoding=\"async\" aria-describedby=\"caption-attachment-136101\" class=\"wp-image-136101\" src=\"https:\/\/diarioregionaldigital.com.br\/wp-content\/uploads\/2019\/03\/fotoaa-3-e1552941396976.jpg\" alt=\"\" width=\"680\" height=\"488\" srcset=\"https:\/\/diarioregionaldigital.com.br\/wp-content\/uploads\/2019\/03\/fotoaa-3-e1552941396976.jpg 765w, https:\/\/diarioregionaldigital.com.br\/wp-content\/uploads\/2019\/03\/fotoaa-3-e1552941396976-300x215.jpg 300w, https:\/\/diarioregionaldigital.com.br\/wp-content\/uploads\/2019\/03\/fotoaa-3-e1552941396976-360x258.jpg 360w\" sizes=\"auto, (max-width: 680px) 100vw, 680px\" \/><p id=\"caption-attachment-136101\" class=\"wp-caption-text\">Os talentosos, irm\u00e3os tributaristas Daniel Giotti de Paula e D\u00e9bora Giotti Gervason, em dia de empreendedorismo na Universidade Cat\u00f3lica de Petr\u00f3polis<\/p><\/div>\n<div id=\"attachment_136102\" style=\"width: 690px\" class=\"wp-caption aligncenter\"><img loading=\"lazy\" decoding=\"async\" aria-describedby=\"caption-attachment-136102\" class=\"wp-image-136102\" src=\"https:\/\/diarioregionaldigital.com.br\/wp-content\/uploads\/2019\/03\/fotob-3-e1552941418260.jpg\" alt=\"\" width=\"680\" height=\"487\" srcset=\"https:\/\/diarioregionaldigital.com.br\/wp-content\/uploads\/2019\/03\/fotob-3-e1552941418260.jpg 1186w, https:\/\/diarioregionaldigital.com.br\/wp-content\/uploads\/2019\/03\/fotob-3-e1552941418260-300x215.jpg 300w, https:\/\/diarioregionaldigital.com.br\/wp-content\/uploads\/2019\/03\/fotob-3-e1552941418260-768x550.jpg 768w, https:\/\/diarioregionaldigital.com.br\/wp-content\/uploads\/2019\/03\/fotob-3-e1552941418260-1024x734.jpg 1024w, https:\/\/diarioregionaldigital.com.br\/wp-content\/uploads\/2019\/03\/fotob-3-e1552941418260-360x258.jpg 360w\" sizes=\"auto, (max-width: 680px) 100vw, 680px\" \/><p id=\"caption-attachment-136102\" class=\"wp-caption-text\">O cabeleireiro e maquiador das estrelas Igor Boscato (Sal\u00e3o Bardot), em momentos de lazer<\/p><\/div>\n<div id=\"attachment_136103\" style=\"width: 690px\" class=\"wp-caption aligncenter\"><img loading=\"lazy\" decoding=\"async\" aria-describedby=\"caption-attachment-136103\" class=\"wp-image-136103\" src=\"https:\/\/diarioregionaldigital.com.br\/wp-content\/uploads\/2019\/03\/fotoc-5-e1552941440732.jpg\" alt=\"\" width=\"680\" height=\"532\" srcset=\"https:\/\/diarioregionaldigital.com.br\/wp-content\/uploads\/2019\/03\/fotoc-5-e1552941440732.jpg 1170w, https:\/\/diarioregionaldigital.com.br\/wp-content\/uploads\/2019\/03\/fotoc-5-e1552941440732-300x235.jpg 300w, https:\/\/diarioregionaldigital.com.br\/wp-content\/uploads\/2019\/03\/fotoc-5-e1552941440732-768x601.jpg 768w, https:\/\/diarioregionaldigital.com.br\/wp-content\/uploads\/2019\/03\/fotoc-5-e1552941440732-1024x801.jpg 1024w, https:\/\/diarioregionaldigital.com.br\/wp-content\/uploads\/2019\/03\/fotoc-5-e1552941440732-360x282.jpg 360w\" sizes=\"auto, (max-width: 680px) 100vw, 680px\" \/><p id=\"caption-attachment-136103\" class=\"wp-caption-text\">O atleta Neemias Alves com a professora de Educa\u00e7\u00e3o F\u00edsica Ju Nega em instante tiete<\/p><\/div>\n<div id=\"attachment_136104\" style=\"width: 690px\" class=\"wp-caption aligncenter\"><img loading=\"lazy\" decoding=\"async\" aria-describedby=\"caption-attachment-136104\" class=\"wp-image-136104\" src=\"https:\/\/diarioregionaldigital.com.br\/wp-content\/uploads\/2019\/03\/fotod-5-e1552941461812.jpg\" alt=\"\" width=\"680\" height=\"503\" srcset=\"https:\/\/diarioregionaldigital.com.br\/wp-content\/uploads\/2019\/03\/fotod-5-e1552941461812.jpg 1081w, https:\/\/diarioregionaldigital.com.br\/wp-content\/uploads\/2019\/03\/fotod-5-e1552941461812-300x222.jpg 300w, https:\/\/diarioregionaldigital.com.br\/wp-content\/uploads\/2019\/03\/fotod-5-e1552941461812-768x568.jpg 768w, https:\/\/diarioregionaldigital.com.br\/wp-content\/uploads\/2019\/03\/fotod-5-e1552941461812-1024x757.jpg 1024w, https:\/\/diarioregionaldigital.com.br\/wp-content\/uploads\/2019\/03\/fotod-5-e1552941461812-360x266.jpg 360w\" sizes=\"auto, (max-width: 680px) 100vw, 680px\" \/><p id=\"caption-attachment-136104\" class=\"wp-caption-text\">Na orla do Rio curtindo a natureza ver\u00e3o, Renan Teixeira<\/p><\/div>\n<div id=\"attachment_136105\" style=\"width: 690px\" class=\"wp-caption aligncenter\"><img loading=\"lazy\" decoding=\"async\" aria-describedby=\"caption-attachment-136105\" class=\"wp-image-136105\" src=\"https:\/\/diarioregionaldigital.com.br\/wp-content\/uploads\/2019\/03\/fotoe-5-e1552941481528.jpg\" alt=\"\" width=\"680\" height=\"582\" srcset=\"https:\/\/diarioregionaldigital.com.br\/wp-content\/uploads\/2019\/03\/fotoe-5-e1552941481528.jpg 1181w, https:\/\/diarioregionaldigital.com.br\/wp-content\/uploads\/2019\/03\/fotoe-5-e1552941481528-300x257.jpg 300w, https:\/\/diarioregionaldigital.com.br\/wp-content\/uploads\/2019\/03\/fotoe-5-e1552941481528-768x657.jpg 768w, https:\/\/diarioregionaldigital.com.br\/wp-content\/uploads\/2019\/03\/fotoe-5-e1552941481528-1024x876.jpg 1024w, https:\/\/diarioregionaldigital.com.br\/wp-content\/uploads\/2019\/03\/fotoe-5-e1552941481528-360x308.jpg 360w\" sizes=\"auto, (max-width: 680px) 100vw, 680px\" \/><p id=\"caption-attachment-136105\" class=\"wp-caption-text\">Wildemar Aquino comemorando a vida com suco de uva ladeado dos amigos T\u00e2mara Lys e Petterson Marciano<\/p><\/div>\n<div id=\"attachment_136106\" style=\"width: 690px\" class=\"wp-caption aligncenter\"><img loading=\"lazy\" decoding=\"async\" aria-describedby=\"caption-attachment-136106\" class=\"wp-image-136106\" src=\"https:\/\/diarioregionaldigital.com.br\/wp-content\/uploads\/2019\/03\/fotof-4-e1552941516950.jpg\" alt=\"\" width=\"680\" height=\"546\" srcset=\"https:\/\/diarioregionaldigital.com.br\/wp-content\/uploads\/2019\/03\/fotof-4-e1552941516950.jpg 1181w, https:\/\/diarioregionaldigital.com.br\/wp-content\/uploads\/2019\/03\/fotof-4-e1552941516950-300x241.jpg 300w, https:\/\/diarioregionaldigital.com.br\/wp-content\/uploads\/2019\/03\/fotof-4-e1552941516950-768x616.jpg 768w, https:\/\/diarioregionaldigital.com.br\/wp-content\/uploads\/2019\/03\/fotof-4-e1552941516950-1024x822.jpg 1024w, https:\/\/diarioregionaldigital.com.br\/wp-content\/uploads\/2019\/03\/fotof-4-e1552941516950-360x289.jpg 360w\" sizes=\"auto, (max-width: 680px) 100vw, 680px\" \/><p id=\"caption-attachment-136106\" class=\"wp-caption-text\">Wildemar Aquino comemorando a vida com suco de uva ladeado dos amigos T\u00e2mara Lys e Petterson Marciano<\/p><\/div>\n<div id=\"attachment_136107\" style=\"width: 690px\" class=\"wp-caption aligncenter\"><img loading=\"lazy\" decoding=\"async\" aria-describedby=\"caption-attachment-136107\" class=\"wp-image-136107\" src=\"https:\/\/diarioregionaldigital.com.br\/wp-content\/uploads\/2019\/03\/fotog-4-e1552941544797.jpg\" alt=\"\" width=\"680\" height=\"590\" srcset=\"https:\/\/diarioregionaldigital.com.br\/wp-content\/uploads\/2019\/03\/fotog-4-e1552941544797.jpg 1062w, https:\/\/diarioregionaldigital.com.br\/wp-content\/uploads\/2019\/03\/fotog-4-e1552941544797-300x260.jpg 300w, https:\/\/diarioregionaldigital.com.br\/wp-content\/uploads\/2019\/03\/fotog-4-e1552941544797-768x666.jpg 768w, https:\/\/diarioregionaldigital.com.br\/wp-content\/uploads\/2019\/03\/fotog-4-e1552941544797-1024x888.jpg 1024w, https:\/\/diarioregionaldigital.com.br\/wp-content\/uploads\/2019\/03\/fotog-4-e1552941544797-360x312.jpg 360w\" sizes=\"auto, (max-width: 680px) 100vw, 680px\" \/><p id=\"caption-attachment-136107\" class=\"wp-caption-text\">Nos bastidores do Cultural Bar os talentosos Sandra Portella e Luis Rachid<\/p><\/div>\n<div id=\"attachment_136109\" style=\"width: 690px\" class=\"wp-caption aligncenter\"><img loading=\"lazy\" decoding=\"async\" aria-describedby=\"caption-attachment-136109\" class=\"wp-image-136109\" src=\"https:\/\/diarioregionaldigital.com.br\/wp-content\/uploads\/2019\/03\/fotoi-4-e1552941616165.jpg\" alt=\"\" width=\"680\" height=\"517\" srcset=\"https:\/\/diarioregionaldigital.com.br\/wp-content\/uploads\/2019\/03\/fotoi-4-e1552941616165.jpg 1174w, https:\/\/diarioregionaldigital.com.br\/wp-content\/uploads\/2019\/03\/fotoi-4-e1552941616165-300x228.jpg 300w, https:\/\/diarioregionaldigital.com.br\/wp-content\/uploads\/2019\/03\/fotoi-4-e1552941616165-768x584.jpg 768w, https:\/\/diarioregionaldigital.com.br\/wp-content\/uploads\/2019\/03\/fotoi-4-e1552941616165-1024x779.jpg 1024w, https:\/\/diarioregionaldigital.com.br\/wp-content\/uploads\/2019\/03\/fotoi-4-e1552941616165-360x274.jpg 360w\" sizes=\"auto, (max-width: 680px) 100vw, 680px\" \/><p id=\"caption-attachment-136109\" class=\"wp-caption-text\">O jornalista Rafael Rodrigues, informalmente<\/p><\/div>\n<div id=\"attachment_136110\" style=\"width: 690px\" class=\"wp-caption aligncenter\"><img loading=\"lazy\" decoding=\"async\" aria-describedby=\"caption-attachment-136110\" class=\"wp-image-136110\" src=\"https:\/\/diarioregionaldigital.com.br\/wp-content\/uploads\/2019\/03\/fotoj-3-e1552941639448.jpg\" alt=\"\" width=\"680\" height=\"539\" srcset=\"https:\/\/diarioregionaldigital.com.br\/wp-content\/uploads\/2019\/03\/fotoj-3-e1552941639448.jpg 1178w, https:\/\/diarioregionaldigital.com.br\/wp-content\/uploads\/2019\/03\/fotoj-3-e1552941639448-300x238.jpg 300w, https:\/\/diarioregionaldigital.com.br\/wp-content\/uploads\/2019\/03\/fotoj-3-e1552941639448-768x608.jpg 768w, https:\/\/diarioregionaldigital.com.br\/wp-content\/uploads\/2019\/03\/fotoj-3-e1552941639448-1024x811.jpg 1024w, https:\/\/diarioregionaldigital.com.br\/wp-content\/uploads\/2019\/03\/fotoj-3-e1552941639448-360x285.jpg 360w\" sizes=\"auto, (max-width: 680px) 100vw, 680px\" \/><p id=\"caption-attachment-136110\" class=\"wp-caption-text\">Um close especial na bela Adelaine Castro<\/p><\/div>\n<div id=\"attachment_136108\" style=\"width: 690px\" class=\"wp-caption aligncenter\"><img loading=\"lazy\" decoding=\"async\" aria-describedby=\"caption-attachment-136108\" class=\"wp-image-136108\" src=\"https:\/\/diarioregionaldigital.com.br\/wp-content\/uploads\/2019\/03\/fotoh-4-e1552941569883.jpg\" alt=\"\" width=\"680\" height=\"538\" srcset=\"https:\/\/diarioregionaldigital.com.br\/wp-content\/uploads\/2019\/03\/fotoh-4-e1552941569883.jpg 1176w, https:\/\/diarioregionaldigital.com.br\/wp-content\/uploads\/2019\/03\/fotoh-4-e1552941569883-300x237.jpg 300w, https:\/\/diarioregionaldigital.com.br\/wp-content\/uploads\/2019\/03\/fotoh-4-e1552941569883-768x607.jpg 768w, https:\/\/diarioregionaldigital.com.br\/wp-content\/uploads\/2019\/03\/fotoh-4-e1552941569883-1024x810.jpg 1024w, https:\/\/diarioregionaldigital.com.br\/wp-content\/uploads\/2019\/03\/fotoh-4-e1552941569883-360x285.jpg 360w\" sizes=\"auto, (max-width: 680px) 100vw, 680px\" \/><p id=\"caption-attachment-136108\" class=\"wp-caption-text\">Gente refinada no Glass Parque, Jos\u00e9 Luiz e Paula Belotti com Cristina e Jo\u00e3o Mansur<\/p><\/div>\n<p style=\"text-align: center;\"><strong>FOTOSS\u00cdNTESE<\/strong><\/p>\n<p>Para o desfile seletivo hoje, \u00e0s 19h, no Independ\u00eancia Shopping, os candidatos a Mr. Juiz de Fora estar\u00e3o desfilando as bonitas sungas da loja M.Marques.<\/p>\n<p>Hoje, 19, \u00e9 o Dia de S\u00e3o Jos\u00e9. Haver\u00e1 missas \u00e0s 6h, 8h, 10h, meia dia, 14h, 16h, 18h e 20h.<\/p>\n<p>Sess\u00e3o flor de laranjeira vai unir em casamento o bonito casal Lilian Gomes e Nelson Belotti. Ser\u00e1 no dia 13 de abril, \u00e0s dezesseis horas, no Itanhang\u00e1 Golf Club na Estrada da Barra da Tijuca, no Rio. Ela, filha de Nelson Luiz Belotti e Selma Regina Fuks. Presen\u00e7a confirmada deste colunista.<\/p>\n<p>Febre do momento, o corte de cabelo Chanel da Miss Brasil 2019, J\u00falia Horta, \u00e9 tend\u00eancia do momento. No Sal\u00e3o MS na Esp\u00edrito Santo, o cabeleireiro Carlos Badico executa divinamente.<\/p>\n<p>Poeta l\u00fadico, Icaro Renault (15 anos) lan\u00e7ou com sucesso no Bar da F\u00e1brica seu livro \u201cSonho e Luta\u201d. Nas linhas ele expressa, em sua poesia, a maturidade de um adulto.<br \/>\nDin\u00e2mica e atuante, a educadora Orne\u00eddes Lima foi homenageada com a Medalha Rosa Cabinda, em solenidade concorrida na C\u00e2mara Municipal de Juiz de Fora.<\/p>\n<p>Dignos de elogios, os atletas de Juiz de Fora Hugo Amaral e Rosemberg Fajardo conquistaram medalhas de prata na disputa da primeira etapa do Rio Duathlon, realizada na Praia de Botafogo, no Rio de Janeiro.<\/p>\n<p>Lojas chiques da cidade j\u00e1 est\u00e3o lan\u00e7ando a cole\u00e7\u00e3o outono-inverno 2019. Dentre elas, a loja Stambassi e o Espa\u00e7o Della Cruz.<\/p>\n<p>Gustavo Ferreira competente nefrologista estar\u00e1 \u00e0 frente do projeto de capta\u00e7\u00e3o e transplante renal que acaba de ser credenciado pelo hospital Monte Sinai.<\/p>\n<p>O super show do youtuber Luccas Neto vai acontecer no dia 14 de abril, no Expominas. Ali\u00e1s, o local precisa ser mais usado para n\u00e3o virar um elefante branco na cidade.<\/p>\n<p>21 rel\u00f3gios fabricados entre os s\u00e9culos XVIII e XX adquiridos por Alfredo Ferreira Lage est\u00e3o em exposi\u00e7\u00e3o no Museu Mariano Proc\u00f3pio com o tema \u201cArte do Tempo: O rel\u00f3gio na Decora\u00e7\u00e3o de Interiores\u201d, durante todo o m\u00eas de mar\u00e7o.<\/p>\n<p>Com cerim\u00f4nia de inaugura\u00e7\u00e3o, a Universidade Federal de Juiz de Fora (UFJF) far\u00e1 a abertura do Jardim Bot\u00e2nico no dia 12 de abril. A \u00e1rea de 82 hectares fica localizada na Mata do Krambeck.<\/p>\n<p>Aten\u00e7\u00e3o: O Exame Nacional do Ensino M\u00e9dico (Enem) ter\u00e1 uma nova diagrama\u00e7\u00e3o na edi\u00e7\u00e3o de 2019. O exame n\u00e3o ter\u00e1 folha de rascunho.<\/p>\n<p>Para refletir: \u00c9 tempo de deixar para tr\u00e1s aquilo que n\u00e3o estimula seu potencial e comprometer com a resolu\u00e7\u00e3o das quest\u00f5es que te impedem de encontrar a paz de esp\u00edrito. Bom dia.<\/p>\n<p><img loading=\"lazy\" decoding=\"async\" class=\"aligncenter size-full wp-image-135792\" src=\"https:\/\/diarioregionaldigital.com.br\/wp-content\/uploads\/2019\/03\/Fashion_6x15-nova.jpg\" alt=\"\" width=\"3484\" height=\"1772\" srcset=\"https:\/\/diarioregionaldigital.com.br\/wp-content\/uploads\/2019\/03\/Fashion_6x15-nova.jpg 3484w, https:\/\/diarioregionaldigital.com.br\/wp-content\/uploads\/2019\/03\/Fashion_6x15-nova-300x153.jpg 300w, https:\/\/diarioregionaldigital.com.br\/wp-content\/uploads\/2019\/03\/Fashion_6x15-nova-768x391.jpg 768w, https:\/\/diarioregionaldigital.com.br\/wp-content\/uploads\/2019\/03\/Fashion_6x15-nova-1024x521.jpg 1024w, https:\/\/diarioregionaldigital.com.br\/wp-content\/uploads\/2019\/03\/Fashion_6x15-nova-360x183.jpg 360w\" sizes=\"auto, (max-width: 3484px) 100vw, 3484px\" \/><\/p>\n","protected":false},"excerpt":{"rendered":"<p>Trag\u00e9dias 2019 est\u00e1 provando que ningu\u00e9m est\u00e1 livre para trag\u00e9dias. O desabamento da barragem em Brumadinho, a morte de 10 adolescentes no CT do Flamengo, as enchentes e a colis\u00e3o de trens no Rio, o desastre a\u00e9reo que matou o jornalista Ricardo Boechat e a trag\u00e9dia em Suzano foram as not\u00edcias que reverberaram pelo Brasil [&hellip;]<\/p>\n","protected":false},"author":96,"featured_media":136101,"comment_status":"closed","ping_status":"closed","sticky":false,"template":"","format":"standard","meta":{"footnotes":""},"categories":[264],"tags":[],"class_list":["post-136115","post","type-post","status-publish","format-standard","has-post-thumbnail","hentry","category-eduardo-gomes"],"_links":{"self":[{"href":"https:\/\/diarioregionaldigital.com.br\/index.php?rest_route=\/wp\/v2\/posts\/136115","targetHints":{"allow":["GET"]}}],"collection":[{"href":"https:\/\/diarioregionaldigital.com.br\/index.php?rest_route=\/wp\/v2\/posts"}],"about":[{"href":"https:\/\/diarioregionaldigital.com.br\/index.php?rest_route=\/wp\/v2\/types\/post"}],"author":[{"embeddable":true,"href":"https:\/\/diarioregionaldigital.com.br\/index.php?rest_route=\/wp\/v2\/users\/96"}],"replies":[{"embeddable":true,"href":"https:\/\/diarioregionaldigital.com.br\/index.php?rest_route=%2Fwp%2Fv2%2Fcomments&post=136115"}],"version-history":[{"count":0,"href":"https:\/\/diarioregionaldigital.com.br\/index.php?rest_route=\/wp\/v2\/posts\/136115\/revisions"}],"wp:featuredmedia":[{"embeddable":true,"href":"https:\/\/diarioregionaldigital.com.br\/index.php?rest_route=\/wp\/v2\/media\/136101"}],"wp:attachment":[{"href":"https:\/\/diarioregionaldigital.com.br\/index.php?rest_route=%2Fwp%2Fv2%2Fmedia&parent=136115"}],"wp:term":[{"taxonomy":"category","embeddable":true,"href":"https:\/\/diarioregionaldigital.com.br\/index.php?rest_route=%2Fwp%2Fv2%2Fcategories&post=136115"},{"taxonomy":"post_tag","embeddable":true,"href":"https:\/\/diarioregionaldigital.com.br\/index.php?rest_route=%2Fwp%2Fv2%2Ftags&post=136115"}],"curies":[{"name":"wp","href":"https:\/\/api.w.org\/{rel}","templated":true}]}}