{"id":136099,"date":"2019-03-18T15:20:55","date_gmt":"2019-03-18T18:20:55","guid":{"rendered":"https:\/\/diarioregionaldigital.com.br\/?p=136099"},"modified":"2019-03-18T15:20:55","modified_gmt":"2019-03-18T18:20:55","slug":"ex-presidente-da-vale-depoe-na-cpi-de-brumadinho-nesta-quinta","status":"publish","type":"post","link":"https:\/\/diarioregionaldigital.com.br\/?p=136099","title":{"rendered":"Ex-presidente da Vale dep\u00f5e na CPI de Brumadinho nesta quinta"},"content":{"rendered":"<p>A Comiss\u00e3o Parlamentar de Inqu\u00e9rito (CPI) do Senado, que investiga o rompimento da barragem de Brumadinho, far\u00e1 sua primeira oitiva nesta quinta-feira, 21, \u00e0s 9h. Na condi\u00e7\u00e3o de convocado, o ex-presidente da Vale Fabio Schvartsman prestar\u00e1 esclarecimentos \u00e0 comiss\u00e3o.<\/p>\n<p>Schvartsman foi designado pelo Conselho de Administra\u00e7\u00e3o da Vale para o cargo de diretor-presidente da empresa em abril de 2017, mas, por recomenda\u00e7\u00e3o do Minist\u00e9rio P\u00fablico e da Pol\u00edcia Federal, est\u00e1 provisoriamente afastado do cargo desde 2 de mar\u00e7o. A for\u00e7a-tarefa que orientou seu afastamento pediu que o executivo e outros oito funcion\u00e1rios fossem proibidos de entrar em pr\u00e9dios ou instala\u00e7\u00f5es da mineradora, enquanto durarem as investiga\u00e7\u00f5es.<\/p>\n<p>\u00c0 \u00e9poca do afastamento,\u00a0F\u00e1bio Schvartsman, divulgou uma carta onde\u00a0afirmou que vinha se dedicando a uma apura\u00e7\u00e3o independente dos fatos ocorridos em Brumadinho e que\u00a0estava atendendo a\u00a0\u00a0todas as demandas da imprensa e das autoridades.<\/p>\n<p>O presidente interino da companhia, Eduardo Bartolomeo, tamb\u00e9m foi convocado a dar explica\u00e7\u00f5es, mas a data do depoimento ainda n\u00e3o foi agendada.<\/p>\n<p>A trag\u00e9dia ocorreu em 25 de janeiro, por volta do meio-dia, quando a barragem da Mina do C\u00f3rrego do Feij\u00e3o, pertencente \u00e0 mineradora Vale, se rompeu em Brumadinho, na Regi\u00e3o Metropolitana de Belo Horizonte. Mais de 300 foram atingidas e cerca de 190 corpos foram localizados. Os bombeiros ainda buscam por mais de 100 pessoas desaparecidas.<\/p>\n<p>&nbsp;<\/p>\n<p>Foto: Ag\u00eancia Brasil<\/p>\n","protected":false},"excerpt":{"rendered":"<p>A Comiss\u00e3o Parlamentar de Inqu\u00e9rito (CPI) do Senado, que investiga o rompimento da barragem de Brumadinho, far\u00e1 sua primeira oitiva nesta quinta-feira, 21, \u00e0s 9h. Na condi\u00e7\u00e3o de convocado, o ex-presidente da Vale Fabio Schvartsman prestar\u00e1 esclarecimentos \u00e0 comiss\u00e3o. Schvartsman foi designado pelo Conselho de Administra\u00e7\u00e3o da Vale para o cargo de diretor-presidente da empresa [&hellip;]<\/p>\n","protected":false},"author":96,"featured_media":132120,"comment_status":"closed","ping_status":"closed","sticky":false,"template":"","format":"standard","meta":{"footnotes":""},"categories":[436,262,252,439],"tags":[],"class_list":["post-136099","post","type-post","status-publish","format-standard","has-post-thumbnail","hentry","category-destaque-da-semana","category-noticias","category-regiao","category-ultima-hora"],"_links":{"self":[{"href":"https:\/\/diarioregionaldigital.com.br\/index.php?rest_route=\/wp\/v2\/posts\/136099","targetHints":{"allow":["GET"]}}],"collection":[{"href":"https:\/\/diarioregionaldigital.com.br\/index.php?rest_route=\/wp\/v2\/posts"}],"about":[{"href":"https:\/\/diarioregionaldigital.com.br\/index.php?rest_route=\/wp\/v2\/types\/post"}],"author":[{"embeddable":true,"href":"https:\/\/diarioregionaldigital.com.br\/index.php?rest_route=\/wp\/v2\/users\/96"}],"replies":[{"embeddable":true,"href":"https:\/\/diarioregionaldigital.com.br\/index.php?rest_route=%2Fwp%2Fv2%2Fcomments&post=136099"}],"version-history":[{"count":0,"href":"https:\/\/diarioregionaldigital.com.br\/index.php?rest_route=\/wp\/v2\/posts\/136099\/revisions"}],"wp:featuredmedia":[{"embeddable":true,"href":"https:\/\/diarioregionaldigital.com.br\/index.php?rest_route=\/wp\/v2\/media\/132120"}],"wp:attachment":[{"href":"https:\/\/diarioregionaldigital.com.br\/index.php?rest_route=%2Fwp%2Fv2%2Fmedia&parent=136099"}],"wp:term":[{"taxonomy":"category","embeddable":true,"href":"https:\/\/diarioregionaldigital.com.br\/index.php?rest_route=%2Fwp%2Fv2%2Fcategories&post=136099"},{"taxonomy":"post_tag","embeddable":true,"href":"https:\/\/diarioregionaldigital.com.br\/index.php?rest_route=%2Fwp%2Fv2%2Ftags&post=136099"}],"curies":[{"name":"wp","href":"https:\/\/api.w.org\/{rel}","templated":true}]}}