{"id":136095,"date":"2019-03-18T14:43:15","date_gmt":"2019-03-18T17:43:15","guid":{"rendered":"https:\/\/diarioregionaldigital.com.br\/?p=136095"},"modified":"2019-03-18T14:43:15","modified_gmt":"2019-03-18T17:43:15","slug":"no-museu-ferroviario-funalfa-oferece-70-vagas-em-oficinas-culturais-gratuitas","status":"publish","type":"post","link":"https:\/\/diarioregionaldigital.com.br\/?p=136095","title":{"rendered":"No Museu Ferrovi\u00e1rio &#8211; Funalfa oferece 70 vagas em oficinas culturais gratuitas"},"content":{"rendered":"<p>O programa \u201cGente em Primeiro Lugar\u201d est\u00e1 disponibilizando 70 vagas nas oficinas culturais ministradas no Museu Ferrovi\u00e1rio de Juiz de Fora. As atividades s\u00e3o inteiramente gratuitas e os interessados devem fazer contato com a equipe respons\u00e1vel pelo telefone 3690-2015 ou comparecer ao museu (Avenida Brasil, 2.001 \u2013 Centro), nos dias e hor\u00e1rios das oficinas de seu interesse.<\/p>\n<p><b>As oficinas dispon\u00edveis s\u00e3o:<\/b><\/p>\n<p>* Dan\u00e7as Urbanas \u2013 20 vagas<\/p>\n<p>Aulas: segundas e sextas-feiras, das 15h40 \u00e0s 17 horas<\/p>\n<p>Articulador: Douglas Vianna<\/p>\n<p>Faixa et\u00e1ria: oito a 14 anos<\/p>\n<p>* Sapateado \u2013 12 vagas<\/p>\n<p>Aulas: ter\u00e7as e quintas-feiras, das 14h20 \u00e0s 15h20<\/p>\n<p>Articulador: Felipe Noselhi<\/p>\n<p>Faixa et\u00e1ria: dez a 22 anos<\/p>\n<p>* Bal\u00e9 cl\u00e1ssico \u2013 13 vagas<\/p>\n<p>Aulas: ter\u00e7as e quintas-feiras, das 15h20 \u00e0s 16h20<\/p>\n<p>Articulador: Felipe Noselhi<\/p>\n<p>Faixa et\u00e1ria: dez a 22 anos<\/p>\n<p>* Teatro 1 \u2013 15 vagas<\/p>\n<p>Aulas \u00e0s ter\u00e7as e quintas-feiras, das 8 horas \u00e0s 9h20<\/p>\n<p>Articulador: Thiago Andrade<\/p>\n<p>Faixa et\u00e1ria: seis a dez anos<\/p>\n<p>* Teatro 2 \u2013 dez vagas<\/p>\n<p>Aulas \u00e0s ter\u00e7as e quintas-feiras, das 18h10 \u00e0s 19h30<\/p>\n<p>Articulador: Tain\u00e1 Neves<\/p>\n<p>Faixa et\u00e1ria: 14 a 22 anos<\/p>\n<p>O programa \u201cGente em Primeiro Lugar\u201d \u00e9 mantido pela Prefeitura de Juiz de Fora e gerenciado pela Funda\u00e7\u00e3o Cultural \u201cAlfredo Ferreira Lage\u201d (Funalfa), em parceria com a Associa\u00e7\u00e3o Cultural Arte e Vida (Acav). Al\u00e9m do n\u00facleo do Museu Ferrovi\u00e1rio, s\u00e3o ofertadas oficinas no Centro Cultural \u201cDnar Rocha\u201d e em 59 bairros.<\/p>\n<p>Prestes a completar dez anos de cria\u00e7\u00e3o, o programa est\u00e1 consolidado como ferramenta de transforma\u00e7\u00e3o e inclus\u00e3o social, promovendo a democratiza\u00e7\u00e3o do acesso \u00e0 cultura em Juiz de Fora, fortalecendo a autoestima e construindo cidadania.<\/p>\n<p>&nbsp;<\/p>\n<p>Fonte: PJF<\/p>\n","protected":false},"excerpt":{"rendered":"<p>O programa \u201cGente em Primeiro Lugar\u201d est\u00e1 disponibilizando 70 vagas nas oficinas culturais ministradas no Museu Ferrovi\u00e1rio de Juiz de Fora. As atividades s\u00e3o inteiramente gratuitas e os interessados devem fazer contato com a equipe respons\u00e1vel pelo telefone 3690-2015 ou comparecer ao museu (Avenida Brasil, 2.001 \u2013 Centro), nos dias e hor\u00e1rios das oficinas de [&hellip;]<\/p>\n","protected":false},"author":96,"featured_media":136096,"comment_status":"closed","ping_status":"closed","sticky":false,"template":"","format":"standard","meta":{"footnotes":""},"categories":[256,436,262,439],"tags":[],"class_list":["post-136095","post","type-post","status-publish","format-standard","has-post-thumbnail","hentry","category-cultura","category-destaque-da-semana","category-noticias","category-ultima-hora"],"_links":{"self":[{"href":"https:\/\/diarioregionaldigital.com.br\/index.php?rest_route=\/wp\/v2\/posts\/136095","targetHints":{"allow":["GET"]}}],"collection":[{"href":"https:\/\/diarioregionaldigital.com.br\/index.php?rest_route=\/wp\/v2\/posts"}],"about":[{"href":"https:\/\/diarioregionaldigital.com.br\/index.php?rest_route=\/wp\/v2\/types\/post"}],"author":[{"embeddable":true,"href":"https:\/\/diarioregionaldigital.com.br\/index.php?rest_route=\/wp\/v2\/users\/96"}],"replies":[{"embeddable":true,"href":"https:\/\/diarioregionaldigital.com.br\/index.php?rest_route=%2Fwp%2Fv2%2Fcomments&post=136095"}],"version-history":[{"count":0,"href":"https:\/\/diarioregionaldigital.com.br\/index.php?rest_route=\/wp\/v2\/posts\/136095\/revisions"}],"wp:featuredmedia":[{"embeddable":true,"href":"https:\/\/diarioregionaldigital.com.br\/index.php?rest_route=\/wp\/v2\/media\/136096"}],"wp:attachment":[{"href":"https:\/\/diarioregionaldigital.com.br\/index.php?rest_route=%2Fwp%2Fv2%2Fmedia&parent=136095"}],"wp:term":[{"taxonomy":"category","embeddable":true,"href":"https:\/\/diarioregionaldigital.com.br\/index.php?rest_route=%2Fwp%2Fv2%2Fcategories&post=136095"},{"taxonomy":"post_tag","embeddable":true,"href":"https:\/\/diarioregionaldigital.com.br\/index.php?rest_route=%2Fwp%2Fv2%2Ftags&post=136095"}],"curies":[{"name":"wp","href":"https:\/\/api.w.org\/{rel}","templated":true}]}}