{"id":136092,"date":"2019-03-18T14:39:59","date_gmt":"2019-03-18T17:39:59","guid":{"rendered":"https:\/\/diarioregionaldigital.com.br\/?p=136092"},"modified":"2019-03-18T14:39:59","modified_gmt":"2019-03-18T17:39:59","slug":"secretarias-de-atividades-urbanas-e-meio-ambiente-participam-do-dia-da-seguranca-e-dia-verde-no-bem-comum-bairros","status":"publish","type":"post","link":"https:\/\/diarioregionaldigital.com.br\/?p=136092","title":{"rendered":"Secretarias de Atividades Urbanas e Meio Ambiente participam do \u201cDia da Seguran\u00e7a\u201d e \u201cDia Verde\u201d no Bem Comum Bairros"},"content":{"rendered":"<p>O primeiro Bem Comum Bairros deste ano, que acontecer\u00e1 entre 18 e 23 deste m\u00eas, no Bairro Santa Luzia, contar\u00e1 com a participa\u00e7\u00e3o das Secretarias de Atividades Urbanas (SAU) e Meio Ambiente (SMA) da Prefeitura de Juiz de Fora (PJF), que levar\u00e1 parte dos servi\u00e7os ofertados pela pasta ao bairro.<\/p>\n<p>Nesta ter\u00e7a-feira, 19, a Pra\u00e7a Padre Geraldo Pelzers ser\u00e1 o cen\u00e1rio do \u201cDia da Seguran\u00e7a\u201d. O Departamento de Licenciamento e Atividades Econ\u00f4micas e Urbanas (Dlau) da SAU levar\u00e1 para a popula\u00e7\u00e3o informa\u00e7\u00f5es sobre alvar\u00e1s de localiza\u00e7\u00e3o para estabelecimentos, al\u00e9m de autoriza\u00e7\u00e3o para atividades econ\u00f4micas e para eventos em geral. J\u00e1 o Departamento de Fiscaliza\u00e7\u00e3o de Obras, Atividades Econ\u00f4micas e Urbanas (Dfau) vai esclarecer d\u00favidas e acolher poss\u00edveis den\u00fancias relacionadas \u00e0s posturas municipais.<\/p>\n<p>Haver\u00e1, tamb\u00e9m, oferta de servi\u00e7os das Secretarias de Transporte e Tr\u00e2nsito; de Seguran\u00e7a Urbana e Cidadania, com a Subsecretaria de Defesa Civil e Guarda Municipal; de Desenvolvimento Social, de Sa\u00fade; de Desenvolvimento Econ\u00f4mico e Turismo; da Ag\u00eancia de Prote\u00e7\u00e3o e Defesa do Consumidor (Procon); e da Casa da Mulher, que estar\u00e3o divididos entre a pra\u00e7a e o Curumim do bairro, que fica na Rua Ibitiguaia, 1.240. Al\u00e9m disso, a Pol\u00edcia Militar, Corpo de Bombeiros Militar e a Associa\u00e7\u00e3o Feminina de Preven\u00e7\u00e3o e Combate ao C\u00e2ncer de Juiz de Fora (Ascomcer) participar\u00e3o da programa\u00e7\u00e3o.<\/p>\n<p>J\u00e1 na quinta-feira, 21, acontecer\u00e1 o \u201cDia Verde\u201d, que levar\u00e1, al\u00e9m dos servi\u00e7os da Dlau e da Dfau, uma extensa programa\u00e7\u00e3o focada na preserva\u00e7\u00e3o do meio ambiente.<\/p>\n<p>No Curumim Santa Luzia, o Departamento de Educa\u00e7\u00e3o Ambiental e Prote\u00e7\u00e3o dos Recursos Naturais (Deapren) da SMA montar\u00e1 um estande para prestar informa\u00e7\u00f5es relativas \u00e0 pasta e promover\u00e1 a distribui\u00e7\u00e3o de mudas ornamentais, a doa\u00e7\u00e3o de cem cartilhas para colorir, com informa\u00e7\u00f5es sobre o Rio Paraibuna, para as crian\u00e7as, al\u00e9m de realizar um plantio de esp\u00e9cies nativas da mata atl\u00e2ntica no local. A a\u00e7\u00e3o, que tamb\u00e9m faz parte da programa\u00e7\u00e3o da semana em comemora\u00e7\u00e3o ao \u201cDia Mundial Florestal&#8221; e ao \u201cDia Mundial da \u00c1gua&#8221;, tem o objetivo de incentivar a reflex\u00e3o sobre preserva\u00e7\u00e3o do meio ambiente, a necessidade do plantio de \u00e1rvores e da conserva\u00e7\u00e3o do meio ambiente. As mudas distribu\u00eddas foram doadas pela Empresa Municipal de Pavimenta\u00e7\u00e3o (Empav).<\/p>\n<p>O \u201cDia Verde\u201d contar\u00e1 com a participa\u00e7\u00e3o do Departamento Municipal de Limpeza Urbana (Demlurb), da Companhia de Saneamento Municipal (Cesama), entre outros.<\/p>\n<p><b>Bem Comum Bairros<\/b><\/p>\n<p>O Bem Comum Bairros, promovido pela Secretaria de Comunica\u00e7\u00e3o Social, com novo formato desde agosto de 2018, foi ampliado e reformulado, com o objetivo de estar mais presente da comunidade. V\u00e1rias atividades ocorrer\u00e3o no decorrer da semana, com a participa\u00e7\u00e3o do prefeito Ant\u00f4nio Almas. A escolha do local foi realizada por meio de consulta p\u00fablica. A vota\u00e7\u00e3o, pioneira na cidade, foi feita por meio do aplicativo Colab, com foco na promo\u00e7\u00e3o da participa\u00e7\u00e3o popular para uma gest\u00e3o democr\u00e1tica e colaborativa.<\/p>\n<p>&nbsp;<\/p>\n<p>Fonte: PJF<\/p>\n","protected":false},"excerpt":{"rendered":"<p>O primeiro Bem Comum Bairros deste ano, que acontecer\u00e1 entre 18 e 23 deste m\u00eas, no Bairro Santa Luzia, contar\u00e1 com a participa\u00e7\u00e3o das Secretarias de Atividades Urbanas (SAU) e Meio Ambiente (SMA) da Prefeitura de Juiz de Fora (PJF), que levar\u00e1 parte dos servi\u00e7os ofertados pela pasta ao bairro. Nesta ter\u00e7a-feira, 19, a Pra\u00e7a [&hellip;]<\/p>\n","protected":false},"author":96,"featured_media":136093,"comment_status":"closed","ping_status":"closed","sticky":false,"template":"","format":"standard","meta":{"footnotes":""},"categories":[253,436,262,439],"tags":[],"class_list":["post-136092","post","type-post","status-publish","format-standard","has-post-thumbnail","hentry","category-cidade","category-destaque-da-semana","category-noticias","category-ultima-hora"],"_links":{"self":[{"href":"https:\/\/diarioregionaldigital.com.br\/index.php?rest_route=\/wp\/v2\/posts\/136092","targetHints":{"allow":["GET"]}}],"collection":[{"href":"https:\/\/diarioregionaldigital.com.br\/index.php?rest_route=\/wp\/v2\/posts"}],"about":[{"href":"https:\/\/diarioregionaldigital.com.br\/index.php?rest_route=\/wp\/v2\/types\/post"}],"author":[{"embeddable":true,"href":"https:\/\/diarioregionaldigital.com.br\/index.php?rest_route=\/wp\/v2\/users\/96"}],"replies":[{"embeddable":true,"href":"https:\/\/diarioregionaldigital.com.br\/index.php?rest_route=%2Fwp%2Fv2%2Fcomments&post=136092"}],"version-history":[{"count":0,"href":"https:\/\/diarioregionaldigital.com.br\/index.php?rest_route=\/wp\/v2\/posts\/136092\/revisions"}],"wp:featuredmedia":[{"embeddable":true,"href":"https:\/\/diarioregionaldigital.com.br\/index.php?rest_route=\/wp\/v2\/media\/136093"}],"wp:attachment":[{"href":"https:\/\/diarioregionaldigital.com.br\/index.php?rest_route=%2Fwp%2Fv2%2Fmedia&parent=136092"}],"wp:term":[{"taxonomy":"category","embeddable":true,"href":"https:\/\/diarioregionaldigital.com.br\/index.php?rest_route=%2Fwp%2Fv2%2Fcategories&post=136092"},{"taxonomy":"post_tag","embeddable":true,"href":"https:\/\/diarioregionaldigital.com.br\/index.php?rest_route=%2Fwp%2Fv2%2Ftags&post=136092"}],"curies":[{"name":"wp","href":"https:\/\/api.w.org\/{rel}","templated":true}]}}