{"id":136089,"date":"2019-03-18T14:33:37","date_gmt":"2019-03-18T17:33:37","guid":{"rendered":"https:\/\/diarioregionaldigital.com.br\/?p=136089"},"modified":"2019-03-18T14:33:37","modified_gmt":"2019-03-18T17:33:37","slug":"marielle-franco-e-homenageada-em-sessao-solene-na-camara","status":"publish","type":"post","link":"https:\/\/diarioregionaldigital.com.br\/?p=136089","title":{"rendered":"Marielle Franco \u00e9 homenageada em sess\u00e3o solene na C\u00e2mara"},"content":{"rendered":"<p>A vereadora Marielle Franco (PSOL-RJ) e o motorista Anderson Gomes foram homenageados em sess\u00e3o solene no plen\u00e1rio da C\u00e2mara dos Deputados nesta segunda-feira,18. Eles foram assassinados a tiros no dia 14 de mar\u00e7o de 2018, no centro do Rio de Janeiro.<\/p>\n<p>No \u00faltimo dia 12, a pol\u00edcia prendeu Elcio Vieira de Queiroz e Ronnie Lessa suspeitos de serem os assassinos de Marielle e Anderson.<\/p>\n<p>O pai da vereadora, Ant\u00f4nio Francisco da Silva, disse que a homenagem \u00e9 uma oportunidade de continuar a cobran\u00e7a para se chegar aos poss\u00edveis mandantes do crime. \u201cUma primeira resposta foi dada, mas pequena, porque foram presos dois assassinos. Faltam respostas para outras perguntas: quem mandou matar Marielle e por que mandou matar Marielle?\u201d.<\/p>\n<p>A vi\u00fava de Anderson, \u00c1ghata Reis, presente \u00e0 sess\u00e3o solene, tamb\u00e9m cobrou a resposta principal para os familiares da vereadora e do motorista, os poss\u00edveis mentores e as raz\u00f5es para a execu\u00e7\u00e3o. \u201cApesar dos dois presos, a gente n\u00e3o tem um fechamento da hist\u00f3ria com o motivo para entender tudo o que aconteceu\u201d.<\/p>\n<p>Em discurso lido pelo l\u00edder do PSOL na C\u00e2mara, Ivan Valente (SP), o presidente da Casa, Rodrigo Maia (DEM-RJ), disse que os assassinatos de Marielle e Anderson refletem o \u201ctr\u00e1gico avan\u00e7o da escalada da barb\u00e1rie que vem avassalando o rumo do Rio de Janeiro.\u201d<\/p>\n<p>\u201cA execu\u00e7\u00e3o de uma leg\u00edtima representante da popula\u00e7\u00e3o carioca, militante ativa de causas presentes, representa um inequ\u00edvoco atentado contra a democracia, e exige, nessa medida, solu\u00e7\u00e3o e puni\u00e7\u00e3o exemplares\u201d, afirmou Maia.<\/p>\n<p>Segundo o presidente da C\u00e2mara, Marielle representava parcelas significativas da popula\u00e7\u00e3o \u201ccujos direitos v\u00eam sendo sistematicamente atingidos pela discrimina\u00e7\u00e3o social\u201d. \u201cFoi essa luta que se viu barbaramente interrompida em nome de interesses ainda n\u00e3o completamente elucidados\u201d, acrescentou Maia.<\/p>\n<p>Para o deputado Ivan Valente, que requereu a sess\u00e3o solene, a vereadora representava as pessoas que sofrem com racismo e com o preconceito por sua orienta\u00e7\u00e3o sexual. \u201cMarielle vai viver na mente, nos cora\u00e7\u00f5es e nos ideais de milh\u00f5es de brasileiros\u201d.<\/p>\n<p>&nbsp;<\/p>\n<p>Fonte: Ag\u00eancia Brasil<\/p>\n","protected":false},"excerpt":{"rendered":"<p>A vereadora Marielle Franco (PSOL-RJ) e o motorista Anderson Gomes foram homenageados em sess\u00e3o solene no plen\u00e1rio da C\u00e2mara dos Deputados nesta segunda-feira,18. Eles foram assassinados a tiros no dia 14 de mar\u00e7o de 2018, no centro do Rio de Janeiro. No \u00faltimo dia 12, a pol\u00edcia prendeu Elcio Vieira de Queiroz e Ronnie Lessa [&hellip;]<\/p>\n","protected":false},"author":96,"featured_media":136090,"comment_status":"closed","ping_status":"closed","sticky":false,"template":"","format":"standard","meta":{"footnotes":""},"categories":[302,436,262,439],"tags":[],"class_list":["post-136089","post","type-post","status-publish","format-standard","has-post-thumbnail","hentry","category-brasil-mundo","category-destaque-da-semana","category-noticias","category-ultima-hora"],"_links":{"self":[{"href":"https:\/\/diarioregionaldigital.com.br\/index.php?rest_route=\/wp\/v2\/posts\/136089","targetHints":{"allow":["GET"]}}],"collection":[{"href":"https:\/\/diarioregionaldigital.com.br\/index.php?rest_route=\/wp\/v2\/posts"}],"about":[{"href":"https:\/\/diarioregionaldigital.com.br\/index.php?rest_route=\/wp\/v2\/types\/post"}],"author":[{"embeddable":true,"href":"https:\/\/diarioregionaldigital.com.br\/index.php?rest_route=\/wp\/v2\/users\/96"}],"replies":[{"embeddable":true,"href":"https:\/\/diarioregionaldigital.com.br\/index.php?rest_route=%2Fwp%2Fv2%2Fcomments&post=136089"}],"version-history":[{"count":0,"href":"https:\/\/diarioregionaldigital.com.br\/index.php?rest_route=\/wp\/v2\/posts\/136089\/revisions"}],"wp:featuredmedia":[{"embeddable":true,"href":"https:\/\/diarioregionaldigital.com.br\/index.php?rest_route=\/wp\/v2\/media\/136090"}],"wp:attachment":[{"href":"https:\/\/diarioregionaldigital.com.br\/index.php?rest_route=%2Fwp%2Fv2%2Fmedia&parent=136089"}],"wp:term":[{"taxonomy":"category","embeddable":true,"href":"https:\/\/diarioregionaldigital.com.br\/index.php?rest_route=%2Fwp%2Fv2%2Fcategories&post=136089"},{"taxonomy":"post_tag","embeddable":true,"href":"https:\/\/diarioregionaldigital.com.br\/index.php?rest_route=%2Fwp%2Fv2%2Ftags&post=136089"}],"curies":[{"name":"wp","href":"https:\/\/api.w.org\/{rel}","templated":true}]}}