{"id":136085,"date":"2019-03-18T14:28:08","date_gmt":"2019-03-18T17:28:08","guid":{"rendered":"https:\/\/diarioregionaldigital.com.br\/?p=136085"},"modified":"2019-03-18T14:28:08","modified_gmt":"2019-03-18T17:28:08","slug":"fux-nega-que-haja-crise-institucional-entre-stf-e-mp","status":"publish","type":"post","link":"https:\/\/diarioregionaldigital.com.br\/?p=136085","title":{"rendered":"Fux nega que haja crise institucional entre STF e MP"},"content":{"rendered":"<p>O vice-presidente do Supremo Tribunal Federal (STF), Luiz Fux, disse nesta segunda-feira, 18, que n\u00e3o h\u00e1 nenhuma crise institucional entre o Minist\u00e9rio P\u00fablico e o STF. &#8220;MP e STF sempre se relacionaram bem e isso continuar\u00e1&#8221;, disse Fux, antes de evento na Funda\u00e7\u00e3o Getulio Vargas\u00a0 (FGV).<\/p>\n<p>Sobre a quest\u00e3o do Caixa 2, segundo ele, o destino da a\u00e7\u00e3o penal, se ir\u00e1 para a Justi\u00e7a Federal ou Eleitoral, continua sendo prerrogativa do MP.<\/p>\n<p>&#8220;No momento da den\u00fancia, o Minist\u00e9rio P\u00fablico termina de enquadrar as condutas [criminosas]. \u00c9 nesse momento que voc\u00ea verifica para que Justi\u00e7a vai. Se oferecer a den\u00fancia por crime eleitoral vai para a Justi\u00e7a Eleitoral. Se for por crime federal vai para a Justi\u00e7a Federal. O Caixa 2, por exemplo, depende da origem do dinheiro. Se voc\u00ea aplica na Justi\u00e7a Eleitoral um dinheiro il\u00edcito, voc\u00ea est\u00e1 lavando dinheiro&#8221;, disse Fux.<\/p>\n<p>&nbsp;<\/p>\n<p>Fonte: Ag\u00eancia Brasil<\/p>\n","protected":false},"excerpt":{"rendered":"<p>O vice-presidente do Supremo Tribunal Federal (STF), Luiz Fux, disse nesta segunda-feira, 18, que n\u00e3o h\u00e1 nenhuma crise institucional entre o Minist\u00e9rio P\u00fablico e o STF. &#8220;MP e STF sempre se relacionaram bem e isso continuar\u00e1&#8221;, disse Fux, antes de evento na Funda\u00e7\u00e3o Getulio Vargas\u00a0 (FGV). Sobre a quest\u00e3o do Caixa 2, segundo ele, o [&hellip;]<\/p>\n","protected":false},"author":96,"featured_media":136086,"comment_status":"closed","ping_status":"closed","sticky":false,"template":"","format":"standard","meta":{"footnotes":""},"categories":[436,262,254,439],"tags":[],"class_list":["post-136085","post","type-post","status-publish","format-standard","has-post-thumbnail","hentry","category-destaque-da-semana","category-noticias","category-politica","category-ultima-hora"],"_links":{"self":[{"href":"https:\/\/diarioregionaldigital.com.br\/index.php?rest_route=\/wp\/v2\/posts\/136085","targetHints":{"allow":["GET"]}}],"collection":[{"href":"https:\/\/diarioregionaldigital.com.br\/index.php?rest_route=\/wp\/v2\/posts"}],"about":[{"href":"https:\/\/diarioregionaldigital.com.br\/index.php?rest_route=\/wp\/v2\/types\/post"}],"author":[{"embeddable":true,"href":"https:\/\/diarioregionaldigital.com.br\/index.php?rest_route=\/wp\/v2\/users\/96"}],"replies":[{"embeddable":true,"href":"https:\/\/diarioregionaldigital.com.br\/index.php?rest_route=%2Fwp%2Fv2%2Fcomments&post=136085"}],"version-history":[{"count":0,"href":"https:\/\/diarioregionaldigital.com.br\/index.php?rest_route=\/wp\/v2\/posts\/136085\/revisions"}],"wp:featuredmedia":[{"embeddable":true,"href":"https:\/\/diarioregionaldigital.com.br\/index.php?rest_route=\/wp\/v2\/media\/136086"}],"wp:attachment":[{"href":"https:\/\/diarioregionaldigital.com.br\/index.php?rest_route=%2Fwp%2Fv2%2Fmedia&parent=136085"}],"wp:term":[{"taxonomy":"category","embeddable":true,"href":"https:\/\/diarioregionaldigital.com.br\/index.php?rest_route=%2Fwp%2Fv2%2Fcategories&post=136085"},{"taxonomy":"post_tag","embeddable":true,"href":"https:\/\/diarioregionaldigital.com.br\/index.php?rest_route=%2Fwp%2Fv2%2Ftags&post=136085"}],"curies":[{"name":"wp","href":"https:\/\/api.w.org\/{rel}","templated":true}]}}