{"id":136074,"date":"2019-03-18T18:45:47","date_gmt":"2019-03-18T21:45:47","guid":{"rendered":"https:\/\/diarioregionaldigital.com.br\/?p=136074"},"modified":"2019-03-18T20:12:11","modified_gmt":"2019-03-18T23:12:11","slug":"patrimonio-cultural-juiz-de-fora-tem-mais-tres-imoveis-tombados","status":"publish","type":"post","link":"https:\/\/diarioregionaldigital.com.br\/?p=136074","title":{"rendered":"Patrim\u00f4nio cultural: Juiz de Fora tem mais tr\u00eas im\u00f3veis tombados"},"content":{"rendered":"<p>Juiz de Fora teve, na \u00faltima semana, mais tr\u00eas im\u00f3veis tombados como patrim\u00f4nio cultural, o que os torna objetos permanentes de preserva\u00e7\u00e3o. As constru\u00e7\u00f5es tombadas foram a sede da TV Industrial (no Morro do Imperador), o Hilton Hotel (na Avenida Get\u00falio Vargas) e o pr\u00e9dio 109\/111 da Rua Marechal Deodoro. Os tr\u00eas pr\u00e9dios t\u00eam identidade comprovada como patrim\u00f4nio arquitet\u00f4nico, cultural e hist\u00f3rico. Atualmente, a cidade tem 191 bens protegidos pelo patrim\u00f4nio municipal, incluindo sete patrim\u00f4nios imateriais.<\/p>\n<p>Na antiga TV Industrial, ocorreu a primeira transmiss\u00e3o televisiva do munic\u00edpio, em 1964. A constru\u00e7\u00e3o foi iniciativa do empres\u00e1rio S\u00e9rgio Vieira Mendes e de seus filhos Gudesteu e Geraldo Mendes. A fam\u00edlia j\u00e1 era propriet\u00e1ria da R\u00e1dio Industrial e R\u00e1dio Difusora, tamb\u00e9m com sede no munic\u00edpio, e montou ali a emissora de TV, com foco em Juiz de Fora e regi\u00e3o.<\/p>\n<p>O engenheiro respons\u00e1vel pela obra, Armando Favatto, idealizou uma constru\u00e7\u00e3o em forma helicoidal. Ele relatou, na \u00e9poca, que o desenho significa a dimens\u00e3o da comunica\u00e7\u00e3o: a origem do zero ao infinito. A torre foi considerada uma obra moderna e inovadora, que acompanhava o cosmopolitismo atribu\u00eddo a Juiz de Fora.<\/p>\n<p>O im\u00f3vel n\u00famero 109\/111 da Rua Marechal Deodoro faz parte do conjunto de im\u00f3veis de fins comerciais e residenciais, estabelecidos por imigrantes s\u00edrios e libaneses no in\u00edcio do s\u00e9culo 20, no entorno da Pra\u00e7a da Esta\u00e7\u00e3o. O edif\u00edcio pertenceu \u00e0 fam\u00edlia Coury Jabour e sua relev\u00e2ncia se d\u00e1 pelo fato de ser parte do N\u00facleo Hist\u00f3rico do Centro e do conjunto paisag\u00edstico da Marechal. Desse modo, sua preserva\u00e7\u00e3o permite contar a hist\u00f3ria do com\u00e9rcio na cidade, que cresceu em volta das esta\u00e7\u00f5es ferrovi\u00e1rias Central do Brasil e Leopoldina.<\/p>\n<div id=\"attachment_136150\" style=\"width: 1034px\" class=\"wp-caption aligncenter\"><img loading=\"lazy\" decoding=\"async\" aria-describedby=\"caption-attachment-136150\" class=\"wp-image-136150 size-large\" src=\"https:\/\/diarioregionaldigital.com.br\/wp-content\/uploads\/2019\/03\/RAFAELA-FRUTUOSO-usar-essa-3-1024x683.jpg\" alt=\"\" width=\"1024\" height=\"683\" srcset=\"https:\/\/diarioregionaldigital.com.br\/wp-content\/uploads\/2019\/03\/RAFAELA-FRUTUOSO-usar-essa-3-1024x683.jpg 1024w, https:\/\/diarioregionaldigital.com.br\/wp-content\/uploads\/2019\/03\/RAFAELA-FRUTUOSO-usar-essa-3-300x200.jpg 300w, https:\/\/diarioregionaldigital.com.br\/wp-content\/uploads\/2019\/03\/RAFAELA-FRUTUOSO-usar-essa-3-768x512.jpg 768w, https:\/\/diarioregionaldigital.com.br\/wp-content\/uploads\/2019\/03\/RAFAELA-FRUTUOSO-usar-essa-3-360x240.jpg 360w\" sizes=\"auto, (max-width: 1024px) 100vw, 1024px\" \/><p id=\"caption-attachment-136150\" class=\"wp-caption-text\">Im\u00f3vel n\u00famero 109\/111 da Rua Marechal Deodoro. Foto: Rafaela Frutuoso.<\/p><\/div>\n<p>O com\u00e9rcio s\u00edrio e liban\u00eas n\u00e3o ficou restrito apenas \u00e0 parte baixa da Marechal Deodoro, embora tenha se estabelecido l\u00e1 de forma destacada, com a instala\u00e7\u00e3o de atividades comerciais de v\u00e1rias fam\u00edlias, e criando um padr\u00e3o de ocupa\u00e7\u00e3o, n\u00e3o apenas pelo grupo imigrante, mas tamb\u00e9m pelo estilo arquitet\u00f4nico art d\u00e9co, utilizado com frequ\u00eancia nos im\u00f3veis da cidade nos anos 1930 e 1940.<\/p>\n<p>Tamb\u00e9m em estilo art d\u00e9co, o Hilton Hotel \u00e9 outro im\u00f3vel que ressalta as caracter\u00edsticas de uma regi\u00e3o que se desenvolveu comercialmente em fun\u00e7\u00e3o das esta\u00e7\u00f5es ferrovi\u00e1rias do Centro da cidade. O edif\u00edcio \u00e9 parte de um grupo de im\u00f3veis com excel\u00eancia arquitet\u00f4nica, em fachadas cuidadosamente trabalhadas. O conjunto produz um efeito monumental que, associado aos aspectos de localiza\u00e7\u00e3o na cidade, confere-lhe especial destaque na paisagem urbana.<\/p>\n<div id=\"attachment_136153\" style=\"width: 1034px\" class=\"wp-caption aligncenter\"><img loading=\"lazy\" decoding=\"async\" aria-describedby=\"caption-attachment-136153\" class=\"wp-image-136153 size-large\" src=\"https:\/\/diarioregionaldigital.com.br\/wp-content\/uploads\/2019\/03\/RAFAELA-FRUTUOSO-usar-essa-2-1024x683.jpg\" alt=\"\" width=\"1024\" height=\"683\" srcset=\"https:\/\/diarioregionaldigital.com.br\/wp-content\/uploads\/2019\/03\/RAFAELA-FRUTUOSO-usar-essa-2-1024x683.jpg 1024w, https:\/\/diarioregionaldigital.com.br\/wp-content\/uploads\/2019\/03\/RAFAELA-FRUTUOSO-usar-essa-2-300x200.jpg 300w, https:\/\/diarioregionaldigital.com.br\/wp-content\/uploads\/2019\/03\/RAFAELA-FRUTUOSO-usar-essa-2-768x512.jpg 768w, https:\/\/diarioregionaldigital.com.br\/wp-content\/uploads\/2019\/03\/RAFAELA-FRUTUOSO-usar-essa-2-360x240.jpg 360w\" sizes=\"auto, (max-width: 1024px) 100vw, 1024px\" \/><p id=\"caption-attachment-136153\" class=\"wp-caption-text\">Hilton Hotel. Foto: Rafaela Frutuoso.<\/p><\/div>\n<p>Fonte: Assessoria<\/p>\n","protected":false},"excerpt":{"rendered":"<p>Juiz de Fora teve, na \u00faltima semana, mais tr\u00eas im\u00f3veis tombados como patrim\u00f4nio cultural, o que os torna objetos permanentes de preserva\u00e7\u00e3o. As constru\u00e7\u00f5es tombadas foram a sede da TV Industrial (no Morro do Imperador), o Hilton Hotel (na Avenida Get\u00falio Vargas) e o pr\u00e9dio 109\/111 da Rua Marechal Deodoro. Os tr\u00eas pr\u00e9dios t\u00eam identidade [&hellip;]<\/p>\n","protected":false},"author":96,"featured_media":136098,"comment_status":"closed","ping_status":"closed","sticky":false,"template":"","format":"standard","meta":{"footnotes":""},"categories":[253,436,440,439],"tags":[],"class_list":["post-136074","post","type-post","status-publish","format-standard","has-post-thumbnail","hentry","category-cidade","category-destaque-da-semana","category-destaques-do-dia","category-ultima-hora"],"_links":{"self":[{"href":"https:\/\/diarioregionaldigital.com.br\/index.php?rest_route=\/wp\/v2\/posts\/136074","targetHints":{"allow":["GET"]}}],"collection":[{"href":"https:\/\/diarioregionaldigital.com.br\/index.php?rest_route=\/wp\/v2\/posts"}],"about":[{"href":"https:\/\/diarioregionaldigital.com.br\/index.php?rest_route=\/wp\/v2\/types\/post"}],"author":[{"embeddable":true,"href":"https:\/\/diarioregionaldigital.com.br\/index.php?rest_route=\/wp\/v2\/users\/96"}],"replies":[{"embeddable":true,"href":"https:\/\/diarioregionaldigital.com.br\/index.php?rest_route=%2Fwp%2Fv2%2Fcomments&post=136074"}],"version-history":[{"count":0,"href":"https:\/\/diarioregionaldigital.com.br\/index.php?rest_route=\/wp\/v2\/posts\/136074\/revisions"}],"wp:featuredmedia":[{"embeddable":true,"href":"https:\/\/diarioregionaldigital.com.br\/index.php?rest_route=\/wp\/v2\/media\/136098"}],"wp:attachment":[{"href":"https:\/\/diarioregionaldigital.com.br\/index.php?rest_route=%2Fwp%2Fv2%2Fmedia&parent=136074"}],"wp:term":[{"taxonomy":"category","embeddable":true,"href":"https:\/\/diarioregionaldigital.com.br\/index.php?rest_route=%2Fwp%2Fv2%2Fcategories&post=136074"},{"taxonomy":"post_tag","embeddable":true,"href":"https:\/\/diarioregionaldigital.com.br\/index.php?rest_route=%2Fwp%2Fv2%2Ftags&post=136074"}],"curies":[{"name":"wp","href":"https:\/\/api.w.org\/{rel}","templated":true}]}}