{"id":136066,"date":"2019-03-18T14:00:34","date_gmt":"2019-03-18T17:00:34","guid":{"rendered":"https:\/\/diarioregionaldigital.com.br\/?p=136066"},"modified":"2019-03-18T14:00:34","modified_gmt":"2019-03-18T17:00:34","slug":"maia-diz-que-e-viavel-aprovar-reforma-da-previdencia-no-1o-semestre","status":"publish","type":"post","link":"https:\/\/diarioregionaldigital.com.br\/?p=136066","title":{"rendered":"Maia diz que \u00e9 vi\u00e1vel aprovar reforma da Previd\u00eancia no 1\u00ba semestre"},"content":{"rendered":"<p>O presidente da C\u00e2mara dos Deputados, Rodrigo Maia (DEM-RJ), disse nesta segunda -feira, 18,\u00a0 que \u00e9 vi\u00e1vel aprovar a reforma da Previd\u00eancia na Casa ainda no primeiro semestre deste ano. Segundo ele, os defensores da reforma precisam convencer os 320 deputados sobre a import\u00e2ncia das mudan\u00e7as nas regras previdenci\u00e1rias.<\/p>\n<p>\u201cN\u00e3o temos 320 deputados que foram eleitos com a agenda da reforma da Previd\u00eancia. Temos que mostrar aos 320 a import\u00e2ncia da reforma. N\u00f3s, que defendemos a urg\u00eancia e a decisiva reforma da Previd\u00eancia, precisamos mostrar a 250, 280 deputados que n\u00e3o foram eleitos com essa agenda, que, para que o Brasil volte a investir, a gente precisa da reforma da Previd\u00eancia\u201d, disse Maia.<\/p>\n<p>Maia nega que tenha havido perda de apoio da reforma na C\u00e2mara, mas n\u00e3o quis revelar com quantos votos favor\u00e1veis a medida pode contar. \u201cEu n\u00e3o gosto de falar de n\u00fameros. O que eu acho \u00e9 que com uma boa articula\u00e7\u00e3o pol\u00edtica, um bom di\u00e1logo do Poder Executivo com o Legislativo, e isso o ministro [da Economia] Paulo Guedes tem feito muito bem, a gente tem hoje um ambiente muito melhor do que a gente teve no passado, para aprovar uma reforma da Previd\u00eancia\u201d, disse aos jornalistas ap\u00f3s evento na Funda\u00e7\u00e3o Getulio Vargas (FGV).<\/p>\n<p>Durante discurso no evento, Maia disse que o ministro da Economia, Paulo Guedes, precisa se aproximar mais da pol\u00edtica. \u201cEu digo sempre ao ministro Paulo Guedes, que tem aprendido r\u00e1pido a fazer pol\u00edtica, mas que ainda precisa se aproximar mais da pol\u00edtica: \u2018ministro, infelizmente, n\u00e3o temos 320 liberais no parlamento brasileiro. \u00c9 uma constru\u00e7\u00e3o, mostrando aos parlamentares que n\u00e3o t\u00eam a agenda de reforma de que essa agenda da Previd\u00eancia vai gerar condi\u00e7\u00f5es para que o Estado brasileiro volte a ter\u00a0condi\u00e7\u00f5es de investir na melhoria da qualidade de vida das pessoas\u201d, disse.<\/p>\n<h2>Confian\u00e7a<\/h2>\n<p>Maia se mostrou confiante na aprova\u00e7\u00e3o da reforma e disse que, mesmo que n\u00e3o haja apoio de parlamentares agora, esse quadro mudar\u00e1 quando come\u00e7ar um di\u00e1logo com as bancadas dos partidos. \u201cPol\u00edtica \u00e9 di\u00e1logo, conversa, paci\u00eancia e equil\u00edbrio.\u201d<\/p>\n<p>\u201cQuando h\u00e1 boa vontade dos presidentes da Rep\u00fablica, do Congresso e do Supremo, a gente s\u00f3 n\u00e3o aprova uma boa reforma da Previd\u00eancia, se a gente errar muito. E acho que a gente n\u00e3o vai errar. Todos n\u00f3s temos muita experi\u00eancia.\u201d<\/p>\n<p>Segundo Maia, \u00e9 importante que n\u00e3o haja discuss\u00f5es que prejudiquem a reforma da Previd\u00eancia, como as mudan\u00e7as de regras do Benef\u00edcio de Presta\u00e7\u00e3o Continuada (BPC) e a coloca\u00e7\u00e3o em pauta da desvincula\u00e7\u00e3o das receitas or\u00e7ament\u00e1rias. Segundo ele, se o BPC n\u00e3o tiver nenhum impacto fiscal relevante, o ideal \u00e9 que n\u00e3o se discuta a quest\u00e3o.<\/p>\n<p>Sobre a desvincula\u00e7\u00e3o, o receio \u00e9 que a discuss\u00e3o possa criar problemas com as bancadas da sa\u00fade e da educa\u00e7\u00e3o. \u201cEla gera algumas pol\u00eamicas no curto prazo que podem atrapalhar, mas se for a decis\u00e3o do governo e do Senado debater a desvincula\u00e7\u00e3o, n\u00f3s vamos debater. Ela vai mobilizar as bancadas de sa\u00fade e educa\u00e7\u00e3o contra. Voc\u00ea vai trazer duas bancadas para negociar esse tema junto com a reforma da Previd\u00eancia\u201d.<\/p>\n<p>Maia tamb\u00e9m disse ser importante que os militares participem da reforma. \u201cOs militares sabem fazer conta. Ou eles ajudam, como t\u00eam ajudado a fazer a reforma tamb\u00e9m das For\u00e7as Armadas, ou eles v\u00e3o ficar tamb\u00e9m sem receber sal\u00e1rio.\u201d<\/p>\n<p>Rodrigo Maia falou com a imprensa depois de um evento sobre reforma da Previd\u00eancia, promovido nesta segunda-feira, 18, pela Funda\u00e7\u00e3o Getulio Vargas (FGV). O vice-presidente do Supremo Tribunal Federal (STF), Luiz Fux, que tamb\u00e9m participou do evento, disse que o STF n\u00e3o quer ter um protagonismo desnecess\u00e1rio nas discuss\u00f5es da reforma.<\/p>\n<p>&nbsp;<\/p>\n<p>Fonte: Ag\u00eancia Brasil<\/p>\n","protected":false},"excerpt":{"rendered":"<p>O presidente da C\u00e2mara dos Deputados, Rodrigo Maia (DEM-RJ), disse nesta segunda -feira, 18,\u00a0 que \u00e9 vi\u00e1vel aprovar a reforma da Previd\u00eancia na Casa ainda no primeiro semestre deste ano. Segundo ele, os defensores da reforma precisam convencer os 320 deputados sobre a import\u00e2ncia das mudan\u00e7as nas regras previdenci\u00e1rias. \u201cN\u00e3o temos 320 deputados que foram [&hellip;]<\/p>\n","protected":false},"author":96,"featured_media":136068,"comment_status":"closed","ping_status":"closed","sticky":false,"template":"","format":"standard","meta":{"footnotes":""},"categories":[436,262,254,439],"tags":[],"class_list":["post-136066","post","type-post","status-publish","format-standard","has-post-thumbnail","hentry","category-destaque-da-semana","category-noticias","category-politica","category-ultima-hora"],"_links":{"self":[{"href":"https:\/\/diarioregionaldigital.com.br\/index.php?rest_route=\/wp\/v2\/posts\/136066","targetHints":{"allow":["GET"]}}],"collection":[{"href":"https:\/\/diarioregionaldigital.com.br\/index.php?rest_route=\/wp\/v2\/posts"}],"about":[{"href":"https:\/\/diarioregionaldigital.com.br\/index.php?rest_route=\/wp\/v2\/types\/post"}],"author":[{"embeddable":true,"href":"https:\/\/diarioregionaldigital.com.br\/index.php?rest_route=\/wp\/v2\/users\/96"}],"replies":[{"embeddable":true,"href":"https:\/\/diarioregionaldigital.com.br\/index.php?rest_route=%2Fwp%2Fv2%2Fcomments&post=136066"}],"version-history":[{"count":0,"href":"https:\/\/diarioregionaldigital.com.br\/index.php?rest_route=\/wp\/v2\/posts\/136066\/revisions"}],"wp:featuredmedia":[{"embeddable":true,"href":"https:\/\/diarioregionaldigital.com.br\/index.php?rest_route=\/wp\/v2\/media\/136068"}],"wp:attachment":[{"href":"https:\/\/diarioregionaldigital.com.br\/index.php?rest_route=%2Fwp%2Fv2%2Fmedia&parent=136066"}],"wp:term":[{"taxonomy":"category","embeddable":true,"href":"https:\/\/diarioregionaldigital.com.br\/index.php?rest_route=%2Fwp%2Fv2%2Fcategories&post=136066"},{"taxonomy":"post_tag","embeddable":true,"href":"https:\/\/diarioregionaldigital.com.br\/index.php?rest_route=%2Fwp%2Fv2%2Ftags&post=136066"}],"curies":[{"name":"wp","href":"https:\/\/api.w.org\/{rel}","templated":true}]}}