{"id":136062,"date":"2019-03-18T13:54:48","date_gmt":"2019-03-18T16:54:48","guid":{"rendered":"https:\/\/diarioregionaldigital.com.br\/?p=136062"},"modified":"2019-03-18T13:54:48","modified_gmt":"2019-03-18T16:54:48","slug":"governo-do-rio-anuncia-rompimento-da-concessao-do-maracana","status":"publish","type":"post","link":"https:\/\/diarioregionaldigital.com.br\/?p=136062","title":{"rendered":"Governo do Rio anuncia rompimento da concess\u00e3o do Maracan\u00e3"},"content":{"rendered":"<p>O governo do Estado do Rio de Janeiro anunciou nesta segunda-feira, 18, que vai decretar no Di\u00e1rio Oficial na pr\u00f3xima ter\u00e7a-feira, 19, a caducidade do contrato de concess\u00e3o do Est\u00e1dio Jornalista M\u00e1rio Filho, o Maracan\u00e3. O governador Wilson Witzel disse que a decis\u00e3o foi tomada por descumprimento do contrato por parte da concession\u00e1ria Complexo Maracan\u00e3 Entretenimento S.A.<\/p>\n<p>Segundo o governo estadual, a concession\u00e1ria n\u00e3o paga as parcelas de outorga previstas no contrato de concess\u00e3o desde maio de 2017, o que gerou uma d\u00edvida de R$ 38 milh\u00f5es com os cofres p\u00fablicos.<\/p>\n<p>Al\u00e9m disso, a concession\u00e1ria n\u00e3o renovou a garantia, que deveria cobrir os pagamentos ao estado em caso de falta. O governo tamb\u00e9m decidiu punir a concession\u00e1ria e suas controladoras com dois anos de inidoneidade, o que impede que elas assinem outros contratos com o poder p\u00fablico.<\/p>\n<p>&#8220;Est\u00e3o usando um equipamento do estado, n\u00e3o est\u00e3o pagando e, pior, os clubes est\u00e3o reclamando. Tudo errado&#8221;, disse o governador.<\/p>\n<p>Com a publica\u00e7\u00e3o da caducidade amanh\u00e3, a concession\u00e1ria ter\u00e1 que deixar o est\u00e1dio em at\u00e9 30 dias, e a administra\u00e7\u00e3o ser\u00e1 assumida pelo estado por meio de uma Comiss\u00e3o Consultiva com sete membros.<\/p>\n<p>O governo trabalha na elabora\u00e7\u00e3o de uma permiss\u00e3o de uso para que o est\u00e1dio possa ser administrado enquanto um novo modelo de parceria p\u00fablico-privada \u00e9 preparado.<\/p>\n<h2>Entorno do est\u00e1dio pode ser revitalizado<\/h2>\n<p>A inten\u00e7\u00e3o do estado \u00e9 que o pr\u00f3ximo contrato abarque a revitaliza\u00e7\u00e3o do entorno do Maracan\u00e3, incluindo a constru\u00e7\u00e3o de uma laje de 160 mil metros quadrados sobre os trilhos da Supervia, para que o espa\u00e7o possa ser ocupado por estacionamento, shoppings e at\u00e9 hot\u00e9is.<\/p>\n<p>O projeto, segundo Witzel, vai preservar as estruturas do entorno do Maracan\u00e3, como o Parque Aqu\u00e1tico J\u00falio Delamare, o Est\u00e1dio de Atletismo C\u00e9lio de Barros e o antigo Museu do \u00cdndio. A demoli\u00e7\u00e3o dos tr\u00eas chegou a ser planejada nos preparativos para a Copa do Mundo, mas sofreu forte oposi\u00e7\u00e3o popular e foi descartada.<\/p>\n<p>Por meio de nota, a concession\u00e1ria disse que foi surpreendida ao receber a informa\u00e7\u00e3o pela imprensa. &#8220;A empresa informa que n\u00e3o teve acesso a nenhum ato oficial do Governo do Estado do Rio de Janeiro e se manifestar\u00e1 oportunamente&#8221;.<\/p>\n<p>O Fluminense tamb\u00e9m se manifestou: &#8220;O Fluminense Football Club avalia como positiva a decis\u00e3o do Governo do Estado do Rio de Janeiro e espera que, a partir de agora, os clubes passem a ter participa\u00e7\u00e3o mais ativa na concess\u00e3o e administra\u00e7\u00e3o do est\u00e1dio&#8221;.<\/p>\n<p>&nbsp;<\/p>\n<p>Fonte: Ag\u00eancia Brasil<\/p>\n<p>&nbsp;<\/p>\n","protected":false},"excerpt":{"rendered":"<p>O governo do Estado do Rio de Janeiro anunciou nesta segunda-feira, 18, que vai decretar no Di\u00e1rio Oficial na pr\u00f3xima ter\u00e7a-feira, 19, a caducidade do contrato de concess\u00e3o do Est\u00e1dio Jornalista M\u00e1rio Filho, o Maracan\u00e3. O governador Wilson Witzel disse que a decis\u00e3o foi tomada por descumprimento do contrato por parte da concession\u00e1ria Complexo Maracan\u00e3 [&hellip;]<\/p>\n","protected":false},"author":96,"featured_media":136064,"comment_status":"closed","ping_status":"closed","sticky":false,"template":"","format":"standard","meta":{"footnotes":""},"categories":[436,261,262,439],"tags":[],"class_list":["post-136062","post","type-post","status-publish","format-standard","has-post-thumbnail","hentry","category-destaque-da-semana","category-economia","category-noticias","category-ultima-hora"],"_links":{"self":[{"href":"https:\/\/diarioregionaldigital.com.br\/index.php?rest_route=\/wp\/v2\/posts\/136062","targetHints":{"allow":["GET"]}}],"collection":[{"href":"https:\/\/diarioregionaldigital.com.br\/index.php?rest_route=\/wp\/v2\/posts"}],"about":[{"href":"https:\/\/diarioregionaldigital.com.br\/index.php?rest_route=\/wp\/v2\/types\/post"}],"author":[{"embeddable":true,"href":"https:\/\/diarioregionaldigital.com.br\/index.php?rest_route=\/wp\/v2\/users\/96"}],"replies":[{"embeddable":true,"href":"https:\/\/diarioregionaldigital.com.br\/index.php?rest_route=%2Fwp%2Fv2%2Fcomments&post=136062"}],"version-history":[{"count":0,"href":"https:\/\/diarioregionaldigital.com.br\/index.php?rest_route=\/wp\/v2\/posts\/136062\/revisions"}],"wp:featuredmedia":[{"embeddable":true,"href":"https:\/\/diarioregionaldigital.com.br\/index.php?rest_route=\/wp\/v2\/media\/136064"}],"wp:attachment":[{"href":"https:\/\/diarioregionaldigital.com.br\/index.php?rest_route=%2Fwp%2Fv2%2Fmedia&parent=136062"}],"wp:term":[{"taxonomy":"category","embeddable":true,"href":"https:\/\/diarioregionaldigital.com.br\/index.php?rest_route=%2Fwp%2Fv2%2Fcategories&post=136062"},{"taxonomy":"post_tag","embeddable":true,"href":"https:\/\/diarioregionaldigital.com.br\/index.php?rest_route=%2Fwp%2Fv2%2Ftags&post=136062"}],"curies":[{"name":"wp","href":"https:\/\/api.w.org\/{rel}","templated":true}]}}