{"id":136060,"date":"2019-03-18T13:42:36","date_gmt":"2019-03-18T16:42:36","guid":{"rendered":"https:\/\/diarioregionaldigital.com.br\/?p=136060"},"modified":"2019-03-18T13:42:36","modified_gmt":"2019-03-18T16:42:36","slug":"mercado-reduz-projecao-de-crescimento-da-economia-de-228-para-201","status":"publish","type":"post","link":"https:\/\/diarioregionaldigital.com.br\/?p=136060","title":{"rendered":"Mercado reduz proje\u00e7\u00e3o de crescimento da economia de 2,28% para 2,01%"},"content":{"rendered":"<p>O mercado financeiro reduziu a proje\u00e7\u00e3o de crescimento da economia em 2019. A estimativa para a expans\u00e3o do Produto Interno Bruto (PIB) \u2013 soma de todos os bens e servi\u00e7os produzidos no pa\u00eds \u2013 caiu de 2,28% para 2,01% neste ano. Foi a terceira redu\u00e7\u00e3o consecutiva.<\/p>\n<p>Para 2020, a estimativa de crescimento do PIB permaneceu em 2,80%. Em 2021 e 2022, a expectativa segue em 2,50% de crescimento do PIB.<\/p>\n<p>As proje\u00e7\u00f5es est\u00e3o no boletim Focus, publica\u00e7\u00e3o semanal elaborada com base em estimativas de institui\u00e7\u00f5es financeiras sobre os principais indicadores econ\u00f4micos. Ela \u00e9 divulgada \u00e0s segundas-feiras, pelo Banco Central.<\/p>\n<h2>Infla\u00e7\u00e3o<\/h2>\n<p>A estimativa para a infla\u00e7\u00e3o este ano subiu pela segunda vez seguida. A previs\u00e3o para o \u00cdndice Nacional de Pre\u00e7os ao Consumidor Amplo (IPCA) passou de 3,87% para 3,89%.<\/p>\n<p>Em rela\u00e7\u00e3o a 2020, a previs\u00e3o para o IPCA permanece em 4%. Para 2021 e 2022, tamb\u00e9m n\u00e3o houve altera\u00e7\u00e3o na proje\u00e7\u00e3o: 3,75%.<\/p>\n<p>A meta de infla\u00e7\u00e3o deste ano, definida pelo Conselho Monet\u00e1rio Nacional (CMN), \u00e9 4,25%, com intervalo de toler\u00e2ncia entre 2,75% e 5,75%. A estimativa para 2020 est\u00e1 no centro da meta (4%).<\/p>\n<p>Essa meta tem intervalo de 1,5 ponto percentual para cima ou para baixo. Para 2021, o centro da meta \u00e9 3,75%, tamb\u00e9m com intervalo de toler\u00e2ncia de 1,5 ponto percentual. O CMN ainda n\u00e3o definiu a meta de infla\u00e7\u00e3o para 2022.<\/p>\n<h2>Taxa Selic<\/h2>\n<p>Para controlar a infla\u00e7\u00e3o e alcan\u00e7ar a meta, o BC usa como principal instrumento a taxa b\u00e1sica de juros, a Selic. Para o mercado financeiro, a Selic deve permanecer no seu m\u00ednimo hist\u00f3rico de 6,5% ao ano, at\u00e9 o fim de 2019.<\/p>\n<p>Nesta ter\u00e7a-feira, 19 e quarta-feira, 20, ser\u00e1 realizada a segunda reuni\u00e3o deste ano do Comit\u00ea de Pol\u00edtica Monet\u00e1ria (Copom) do BC, respons\u00e1vel por definir a Selic. O Copom re\u00fane-se a cada 45 dias.<\/p>\n<p>Para o fim de 2020, a proje\u00e7\u00e3o para a taxa caiu de 8% ao ano para 7,75% ao ano. Para o final de 2020 e 2021, a expectativa permanece em 8% ao ano.<\/p>\n<p>A Selic, que serve de refer\u00eancia para os demais juros da economia, \u00e9 a taxa m\u00e9dia cobrada nas negocia\u00e7\u00f5es com t\u00edtulos emitidos pelo Tesouro Nacional, registradas diariamente no Sistema Especial de Liquida\u00e7\u00e3o e de Cust\u00f3dia (Selic).<br \/>\nA manuten\u00e7\u00e3o da Selic, como prev\u00ea o mercado financeiro, indica que o Copom considera as altera\u00e7\u00f5es anteriores nos juros b\u00e1sicos suficientes para chegar \u00e0 meta de infla\u00e7\u00e3o.<\/p>\n<p>Ao reduzir os juros b\u00e1sicos, a tend\u00eancia \u00e9 diminuir os custos do cr\u00e9dito e incentivar a produ\u00e7\u00e3o e o consumo.<\/p>\n<p>Para cortar a Selic, a autoridade monet\u00e1ria precisa estar segura de que os pre\u00e7os est\u00e3o sob controle e n\u00e3o correm risco de ficar acima da meta de infla\u00e7\u00e3o.<\/p>\n<p>Quando o Copom aumenta a Selic, o objetivo \u00e9 conter a demanda aquecida, e isso causa reflexos nos pre\u00e7os porque os juros mais altos encarecem o cr\u00e9dito e estimulam a poupan\u00e7a.<\/p>\n<h2>D\u00f3lar<\/h2>\n<p>A previs\u00e3o do mercado financeiro para a cota\u00e7\u00e3o do d\u00f3lar permanece em R$ 3,70 no fim deste ano e em R$ 3,75, no fim de 2020.<\/p>\n<p>&nbsp;<\/p>\n<p>Fonte: Ag\u00eancia Brasil<\/p>\n","protected":false},"excerpt":{"rendered":"<p>O mercado financeiro reduziu a proje\u00e7\u00e3o de crescimento da economia em 2019. A estimativa para a expans\u00e3o do Produto Interno Bruto (PIB) \u2013 soma de todos os bens e servi\u00e7os produzidos no pa\u00eds \u2013 caiu de 2,28% para 2,01% neste ano. Foi a terceira redu\u00e7\u00e3o consecutiva. Para 2020, a estimativa de crescimento do PIB permaneceu [&hellip;]<\/p>\n","protected":false},"author":96,"featured_media":135756,"comment_status":"closed","ping_status":"closed","sticky":false,"template":"","format":"standard","meta":{"footnotes":""},"categories":[436,261,262,439],"tags":[],"class_list":["post-136060","post","type-post","status-publish","format-standard","has-post-thumbnail","hentry","category-destaque-da-semana","category-economia","category-noticias","category-ultima-hora"],"_links":{"self":[{"href":"https:\/\/diarioregionaldigital.com.br\/index.php?rest_route=\/wp\/v2\/posts\/136060","targetHints":{"allow":["GET"]}}],"collection":[{"href":"https:\/\/diarioregionaldigital.com.br\/index.php?rest_route=\/wp\/v2\/posts"}],"about":[{"href":"https:\/\/diarioregionaldigital.com.br\/index.php?rest_route=\/wp\/v2\/types\/post"}],"author":[{"embeddable":true,"href":"https:\/\/diarioregionaldigital.com.br\/index.php?rest_route=\/wp\/v2\/users\/96"}],"replies":[{"embeddable":true,"href":"https:\/\/diarioregionaldigital.com.br\/index.php?rest_route=%2Fwp%2Fv2%2Fcomments&post=136060"}],"version-history":[{"count":0,"href":"https:\/\/diarioregionaldigital.com.br\/index.php?rest_route=\/wp\/v2\/posts\/136060\/revisions"}],"wp:featuredmedia":[{"embeddable":true,"href":"https:\/\/diarioregionaldigital.com.br\/index.php?rest_route=\/wp\/v2\/media\/135756"}],"wp:attachment":[{"href":"https:\/\/diarioregionaldigital.com.br\/index.php?rest_route=%2Fwp%2Fv2%2Fmedia&parent=136060"}],"wp:term":[{"taxonomy":"category","embeddable":true,"href":"https:\/\/diarioregionaldigital.com.br\/index.php?rest_route=%2Fwp%2Fv2%2Fcategories&post=136060"},{"taxonomy":"post_tag","embeddable":true,"href":"https:\/\/diarioregionaldigital.com.br\/index.php?rest_route=%2Fwp%2Fv2%2Ftags&post=136060"}],"curies":[{"name":"wp","href":"https:\/\/api.w.org\/{rel}","templated":true}]}}