{"id":136054,"date":"2019-03-17T22:35:45","date_gmt":"2019-03-18T01:35:45","guid":{"rendered":"https:\/\/diarioregionaldigital.com.br\/?p=136054"},"modified":"2019-03-17T22:53:41","modified_gmt":"2019-03-18T01:53:41","slug":"tupi-perde-para-o-cruzeiro-e-e-o-primeiro-rebaixado-do-estadual","status":"publish","type":"post","link":"https:\/\/diarioregionaldigital.com.br\/?p=136054","title":{"rendered":"Tupi perde para o Cruzeiro e \u00e9 o primeiro rebaixado do Estadual"},"content":{"rendered":"<p>O Tupi, est\u00e1 matematicamente rebaixado para o M\u00f3dulo II. Lanterna, com apenas quatro pontos, o Galo Carij\u00f3 n\u00e3o tem mais chances de alcan\u00e7ar o Guarani de Divin\u00f3polis, primeiro time fora da zona de rebaixamento, com nove pontos. A equipe de Juiz de For\u00e1 fechar\u00e1 sua participa\u00e7\u00e3o no Estadual enfrentando a URT, na quarta, \u00e0s 21h30, no Zama Maciel, em Patos de Minas.<\/p>\n<p><strong>O jogo<\/strong><\/p>\n<p>Ainda sonhando com a lideran\u00e7a do Mineiro, Mano Menezes optou por escalar for\u00e7a m\u00e1xima em Juiz de Fora. E o Cruzeiro foi para cima logo ap\u00f3s o apito do \u00e1rbitro. O resultado n\u00e3o demorou para aparecer. Aos dois minutos, ap\u00f3s erro de sa\u00edda de bola do Tupi, Robinho cruzou para a \u00e1rea e o zagueiro Aislan, de cabe\u00e7a, mandou contra o pr\u00f3prio gol, se antecipando ao goleiro Ricardo Vilar:\u00a01 a 0.<\/p>\n<p>Ap\u00f3s o gol, o Cruzeiro optou por fazer uma marca\u00e7\u00e3o recuada, apostando nos contra-ataques. Em um deles, aos 6\u2019, Rafinha, dentro da \u00e1rea, recebeu de Rodriguinho, bateu rasteiro, mas errou o alvo. Aos 19\u2019, o zagueiro Guilherme tocou a m\u00e3o na bola dentro da \u00e1rea. P\u00eanalti. Fred cobrou no canto esquerdo, sem chance para Ricardo Vilar:\u00a02 a 0.<\/p>\n<p>&nbsp;<\/p>\n<p>Aos 37\u2019, o travess\u00e3o parou o Cruzeiro. Eg\u00eddio, em cobran\u00e7a de falta, mandou direto para o gol e viu Ricardo Vilar desviar e a bola acertar o poste superior. O Tupi respondeu dois minutos depois com Romarinho, que bateu rasteiro, trazendo perigo para F\u00e1bio, que espalmou pela linha de fundo.<\/p>\n<p>&nbsp;<\/p>\n<p>O \u00edmpeto do Cruzeiro n\u00e3o diminuiu na segunda etapa. Marquinhos Gabriel era o jogador mais acionado nos primeiros minutos. Aos 8\u2019, o meio-campista entrou na \u00e1rea, bateu de direita e Vilar espalmou. Cinco minutos depois, ele avan\u00e7ou pela esquerda, deu um belo drible em Pablo e cruzou para Fred que, de letra, acertou a trave.<\/p>\n<p>&nbsp;<\/p>\n<p>Confort\u00e1vel na partida, o Cruzeiro seguiu atacando e criando chances, encontrando pouca resist\u00eancia por parte do Tupi. Aos 38\u2019, Rodriguinho sofreu falta de Aislan na entrada da \u00e1rea. Eg\u00eddio foi para a cobran\u00e7a e, com perfei\u00e7\u00e3o, mandou para o fundo do gol de Ricardo Vilar, dando n\u00fameros finais ao duelo em Juiz de Fora:\u00a03 a 0.<\/p>\n<p>Fonte: Gazeta Press<\/p>\n","protected":false},"excerpt":{"rendered":"<p>O Tupi, est\u00e1 matematicamente rebaixado para o M\u00f3dulo II. Lanterna, com apenas quatro pontos, o Galo Carij\u00f3 n\u00e3o tem mais chances de alcan\u00e7ar o Guarani de Divin\u00f3polis, primeiro time fora da zona de rebaixamento, com nove pontos. A equipe de Juiz de For\u00e1 fechar\u00e1 sua participa\u00e7\u00e3o no Estadual enfrentando a URT, na quarta, \u00e0s 21h30, [&hellip;]<\/p>\n","protected":false},"author":96,"featured_media":136055,"comment_status":"closed","ping_status":"closed","sticky":false,"template":"","format":"standard","meta":{"footnotes":""},"categories":[257,439],"tags":[],"class_list":["post-136054","post","type-post","status-publish","format-standard","has-post-thumbnail","hentry","category-esporte","category-ultima-hora"],"_links":{"self":[{"href":"https:\/\/diarioregionaldigital.com.br\/index.php?rest_route=\/wp\/v2\/posts\/136054","targetHints":{"allow":["GET"]}}],"collection":[{"href":"https:\/\/diarioregionaldigital.com.br\/index.php?rest_route=\/wp\/v2\/posts"}],"about":[{"href":"https:\/\/diarioregionaldigital.com.br\/index.php?rest_route=\/wp\/v2\/types\/post"}],"author":[{"embeddable":true,"href":"https:\/\/diarioregionaldigital.com.br\/index.php?rest_route=\/wp\/v2\/users\/96"}],"replies":[{"embeddable":true,"href":"https:\/\/diarioregionaldigital.com.br\/index.php?rest_route=%2Fwp%2Fv2%2Fcomments&post=136054"}],"version-history":[{"count":0,"href":"https:\/\/diarioregionaldigital.com.br\/index.php?rest_route=\/wp\/v2\/posts\/136054\/revisions"}],"wp:featuredmedia":[{"embeddable":true,"href":"https:\/\/diarioregionaldigital.com.br\/index.php?rest_route=\/wp\/v2\/media\/136055"}],"wp:attachment":[{"href":"https:\/\/diarioregionaldigital.com.br\/index.php?rest_route=%2Fwp%2Fv2%2Fmedia&parent=136054"}],"wp:term":[{"taxonomy":"category","embeddable":true,"href":"https:\/\/diarioregionaldigital.com.br\/index.php?rest_route=%2Fwp%2Fv2%2Fcategories&post=136054"},{"taxonomy":"post_tag","embeddable":true,"href":"https:\/\/diarioregionaldigital.com.br\/index.php?rest_route=%2Fwp%2Fv2%2Ftags&post=136054"}],"curies":[{"name":"wp","href":"https:\/\/api.w.org\/{rel}","templated":true}]}}