{"id":136048,"date":"2019-03-17T22:02:59","date_gmt":"2019-03-18T01:02:59","guid":{"rendered":"https:\/\/diarioregionaldigital.com.br\/?p=136048"},"modified":"2019-03-17T22:02:59","modified_gmt":"2019-03-18T01:02:59","slug":"inscricoes-para-segunda-etapa-do-33o-ranking-de-corridas-de-rua-se-encerram","status":"publish","type":"post","link":"https:\/\/diarioregionaldigital.com.br\/?p=136048","title":{"rendered":"Inscri\u00e7\u00f5es para segunda etapa do \u201c33\u00ba Ranking de Corridas de Rua\u201d se encerram"},"content":{"rendered":"<p>Interessados em participar da \u201c4\u00aa Corrida Unimed\u201d t\u00eam at\u00e9 domingo, 17, para se inscrever. At\u00e9 l\u00e1, o valor \u00e9 de R$ 60 com kit (camisa, mochila especial, copo personalizado e viseira), e R$ 40 sem o kit. Pessoas com mais de 60 anos t\u00eam desconto de 50%. A prova acontecer\u00e1 no domingo, 24, e ter\u00e1 in\u00edcio \u00e0s 8 horas, na Av. Deusdedit Salgado, 3.865, com percursos de seis quil\u00f4metros e meio e tr\u00eas quil\u00f4metros.<\/p>\n<p>Esta etapa, segunda do \u201c33\u00ba Ranking de Corridas de Rua\u201d da Prefeitura de Juiz de Fora (PJF), ter\u00e1, ainda, a disputa infantil, \u00e0s 9h30, no mesmo dia. As inscri\u00e7\u00f5es podem ser realizadas no site &#8220;Corrid\u00e3o&#8221; &#8211;\u00a0<a href=\"https:\/\/www.corridao.com.br\/\">www.corridao.com.br<\/a>, na loja All Sports (Rua S\u00e3o Jo\u00e3o, 386), na loja Energy Power (Rua S\u00e3o Jo\u00e3o, 236 e 354 e Av. Rio Branco 2099) e no Aloha Sucos (Rua Santo Ant\u00f4nio, 538 e Av. Rio Branco, na Pra\u00e7a Trevo do Bom Pastor). O ranking \u00e9 organizado pela Secretaria de Esporte e Lazer (SEL), da PJF, em parceria com empresas vencedoras de processo licitat\u00f3rio. Este ano, ser\u00e3o 11 provas.<\/p>\n<p>Para equipes, o cadastro termina no pr\u00f3ximo dia 20, na SEL (Avenida Rui Barbosa, 530, Bairro Santa Terezinha). O atendimento \u00e9 feito de segunda a sexta-feira, das 8 horas \u00e0s 11h30 e das 14 horas \u00e0s 17h30.<\/p>\n<p>O \u201cRanking de Corridas de Rua de Juiz de Fora\u201d \u00e9 competi\u00e7\u00e3o anual, que contempla corredores de toda a cidade e regi\u00e3o, realizada em parceria pela PJF e a iniciativa privada. As empresas vencedoras do processo de chamada p\u00fablica t\u00eam a oportunidade de organizar corridas com o apoio da Secretaria de Esporte e Lazer (SEL), atrav\u00e9s do Departamento de Inicia\u00e7\u00e3o, Forma\u00e7\u00e3o e Rendimento Esportivo.<\/p>\n<p><strong>Fonte: Assessoria <\/strong><\/p>\n","protected":false},"excerpt":{"rendered":"<p>Interessados em participar da \u201c4\u00aa Corrida Unimed\u201d t\u00eam at\u00e9 domingo, 17, para se inscrever. At\u00e9 l\u00e1, o valor \u00e9 de R$ 60 com kit (camisa, mochila especial, copo personalizado e viseira), e R$ 40 sem o kit. Pessoas com mais de 60 anos t\u00eam desconto de 50%. A prova acontecer\u00e1 no domingo, 24, e ter\u00e1 [&hellip;]<\/p>\n","protected":false},"author":96,"featured_media":136049,"comment_status":"closed","ping_status":"closed","sticky":false,"template":"","format":"standard","meta":{"footnotes":""},"categories":[257,439],"tags":[],"class_list":["post-136048","post","type-post","status-publish","format-standard","has-post-thumbnail","hentry","category-esporte","category-ultima-hora"],"_links":{"self":[{"href":"https:\/\/diarioregionaldigital.com.br\/index.php?rest_route=\/wp\/v2\/posts\/136048","targetHints":{"allow":["GET"]}}],"collection":[{"href":"https:\/\/diarioregionaldigital.com.br\/index.php?rest_route=\/wp\/v2\/posts"}],"about":[{"href":"https:\/\/diarioregionaldigital.com.br\/index.php?rest_route=\/wp\/v2\/types\/post"}],"author":[{"embeddable":true,"href":"https:\/\/diarioregionaldigital.com.br\/index.php?rest_route=\/wp\/v2\/users\/96"}],"replies":[{"embeddable":true,"href":"https:\/\/diarioregionaldigital.com.br\/index.php?rest_route=%2Fwp%2Fv2%2Fcomments&post=136048"}],"version-history":[{"count":0,"href":"https:\/\/diarioregionaldigital.com.br\/index.php?rest_route=\/wp\/v2\/posts\/136048\/revisions"}],"wp:featuredmedia":[{"embeddable":true,"href":"https:\/\/diarioregionaldigital.com.br\/index.php?rest_route=\/wp\/v2\/media\/136049"}],"wp:attachment":[{"href":"https:\/\/diarioregionaldigital.com.br\/index.php?rest_route=%2Fwp%2Fv2%2Fmedia&parent=136048"}],"wp:term":[{"taxonomy":"category","embeddable":true,"href":"https:\/\/diarioregionaldigital.com.br\/index.php?rest_route=%2Fwp%2Fv2%2Fcategories&post=136048"},{"taxonomy":"post_tag","embeddable":true,"href":"https:\/\/diarioregionaldigital.com.br\/index.php?rest_route=%2Fwp%2Fv2%2Ftags&post=136048"}],"curies":[{"name":"wp","href":"https:\/\/api.w.org\/{rel}","templated":true}]}}