{"id":136039,"date":"2019-03-16T09:21:20","date_gmt":"2019-03-16T12:21:20","guid":{"rendered":"https:\/\/diarioregionaldigital.com.br\/?p=136039"},"modified":"2019-03-16T09:21:20","modified_gmt":"2019-03-16T12:21:20","slug":"pjf-interdita-deposito-irregular-de-frutas-e-doa-mercadoria-para-instituicoes","status":"publish","type":"post","link":"https:\/\/diarioregionaldigital.com.br\/?p=136039","title":{"rendered":"PJF interdita dep\u00f3sito irregular de frutas e doa mercadoria para institui\u00e7\u00f5es"},"content":{"rendered":"<p>A Secretaria de Meio Ambiente e Ordenamento Urbano (Semaur) da Prefeitura de Juiz de Fora (PJF) identificou e interditou um estabelecimento que servia de dep\u00f3sito irregular de goiabas, na Rua Benjamin Constant. As frutas eram distribu\u00eddas para ambulantes irregulares que atuavam na \u00e1rea central da cidade. Foram apreendidos 12 carrinhos e 14 caixas da fruta, com 40kg cada. A a\u00e7\u00e3o aconteceu nessa sexta-feira, 15.<\/p>\n<p>De acordo com o C\u00f3digo de Posturas do Munic\u00edpio, alimentos perec\u00edveis e materiais ilegais apreendidos n\u00e3o s\u00e3o pass\u00edveis de devolu\u00e7\u00e3o em hip\u00f3tese alguma. Por isso, as frutas apreendidas foram doadas para institui\u00e7\u00f5es filantr\u00f3picas cadastradas na PJF, como o Centro de Promo\u00e7\u00e3o do Menor de Juiz de Fora (Ceprom), Curumim de Santa Luzia, e Lar dos Idosos Luiza de Marillac.<\/p>\n<p>Para a a\u00e7\u00e3o, foram empenhados 12 fiscais de posturas das regionais Centro 1, Centro 2 e Sudeste, que receberam o apoio de tr\u00eas viaturas da Pol\u00edcia Militar. Segundo o supervisor respons\u00e1vel pela fiscaliza\u00e7\u00e3o, a a\u00e7\u00e3o visa a coibir o com\u00e9rcio ambulante irregular. \u201cA partir disso, tamb\u00e9m garantimos a acessibilidade dos pedestres, pois essas mercadorias geralmente s\u00e3o vendidas nas ruas, e os carrinhos t\u00eam uma dimens\u00e3o muito grande, ocupam as cal\u00e7adas, e isso acaba atrapalhando o deslocamento das pessoas\u201d, explicou.<\/p>\n<p>Fonte: PJF<\/p>\n","protected":false},"excerpt":{"rendered":"<p>A Secretaria de Meio Ambiente e Ordenamento Urbano (Semaur) da Prefeitura de Juiz de Fora (PJF) identificou e interditou um estabelecimento que servia de dep\u00f3sito irregular de goiabas, na Rua Benjamin Constant. As frutas eram distribu\u00eddas para ambulantes irregulares que atuavam na \u00e1rea central da cidade. Foram apreendidos 12 carrinhos e 14 caixas da fruta, [&hellip;]<\/p>\n","protected":false},"author":96,"featured_media":136040,"comment_status":"closed","ping_status":"closed","sticky":false,"template":"","format":"standard","meta":{"footnotes":""},"categories":[253,436,440,439],"tags":[],"class_list":["post-136039","post","type-post","status-publish","format-standard","has-post-thumbnail","hentry","category-cidade","category-destaque-da-semana","category-destaques-do-dia","category-ultima-hora"],"_links":{"self":[{"href":"https:\/\/diarioregionaldigital.com.br\/index.php?rest_route=\/wp\/v2\/posts\/136039","targetHints":{"allow":["GET"]}}],"collection":[{"href":"https:\/\/diarioregionaldigital.com.br\/index.php?rest_route=\/wp\/v2\/posts"}],"about":[{"href":"https:\/\/diarioregionaldigital.com.br\/index.php?rest_route=\/wp\/v2\/types\/post"}],"author":[{"embeddable":true,"href":"https:\/\/diarioregionaldigital.com.br\/index.php?rest_route=\/wp\/v2\/users\/96"}],"replies":[{"embeddable":true,"href":"https:\/\/diarioregionaldigital.com.br\/index.php?rest_route=%2Fwp%2Fv2%2Fcomments&post=136039"}],"version-history":[{"count":0,"href":"https:\/\/diarioregionaldigital.com.br\/index.php?rest_route=\/wp\/v2\/posts\/136039\/revisions"}],"wp:featuredmedia":[{"embeddable":true,"href":"https:\/\/diarioregionaldigital.com.br\/index.php?rest_route=\/wp\/v2\/media\/136040"}],"wp:attachment":[{"href":"https:\/\/diarioregionaldigital.com.br\/index.php?rest_route=%2Fwp%2Fv2%2Fmedia&parent=136039"}],"wp:term":[{"taxonomy":"category","embeddable":true,"href":"https:\/\/diarioregionaldigital.com.br\/index.php?rest_route=%2Fwp%2Fv2%2Fcategories&post=136039"},{"taxonomy":"post_tag","embeddable":true,"href":"https:\/\/diarioregionaldigital.com.br\/index.php?rest_route=%2Fwp%2Fv2%2Ftags&post=136039"}],"curies":[{"name":"wp","href":"https:\/\/api.w.org\/{rel}","templated":true}]}}