{"id":136037,"date":"2019-03-16T08:26:14","date_gmt":"2019-03-16T11:26:14","guid":{"rendered":"https:\/\/diarioregionaldigital.com.br\/?p=136037"},"modified":"2019-03-16T09:26:32","modified_gmt":"2019-03-16T12:26:32","slug":"justica-aceita-denuncia-e-acusados-de-matar-marielle-viram-reus","status":"publish","type":"post","link":"https:\/\/diarioregionaldigital.com.br\/?p=136037","title":{"rendered":"Justi\u00e7a aceita den\u00fancia e acusados de matar Marielle viram r\u00e9us"},"content":{"rendered":"<p>O sargento da Pol\u00edcia Militar (PM) reformado Ronnie Lessa e o ex-PM \u00c9lcio Queiroz se tornaram r\u00e9us, acusados por duplo homic\u00eddio triplamente qualificado contra Marielle Franco e Anderson Gomes, tentativa de homic\u00eddio contra a assessora que sobreviveu e por crime de recepta\u00e7\u00e3o. A den\u00fancia do Minist\u00e9rio P\u00fablico (MP) foi recebida nessa sexta-feira, 15, pelo o juiz Gustavo Kalil, do 4\u00ba Tribunal do J\u00fari do Rio. A informa\u00e7\u00e3o foi divulgada em nota pelo Tribunal de Justi\u00e7a (TJ).<\/p>\n<p>O magistrado tamb\u00e9m ordenou a transfer\u00eancia dos dois r\u00e9us para um pres\u00eddio federal e determinou ainda o arresto de todos os bens m\u00f3veis e im\u00f3veis em seus nomes, at\u00e9 o limite dos valores requeridos a t\u00edtulo de indeniza\u00e7\u00e3o pelo MP. A medida \u00e9 necess\u00e1ria para assegurar o ressarcimento dos danos materiais e morais causados \u00e0 sobrevivente e aos parentes dos mortos. Segundo a den\u00fancia, a partir da quebra de dados telem\u00e1ticos, teria sido descoberta nos documentos de Ronnie uma nota fiscal referente a uma lancha, com a suspeita de que o sargento reformado estaria tentado ocultar o patrim\u00f4nio, utilizando-se de outra pessoa.<\/p>\n<p>Al\u00e9m disso, segundo o TJ, Ronnie seria propriet\u00e1rio de diversas armas e dois autom\u00f3veis, um deles no valor de R$ 150 mil. De acordo com as investiga\u00e7\u00f5es, seu local de resid\u00eancia, em um condom\u00ednio luxuoso na Barra da Tijuca, seria incompat\u00edvel com o sal\u00e1rio de policial militar reformado.<\/p>\n<p>A den\u00fancia do MP informou ainda que h\u00e1 relat\u00f3rio do Conselho de Controle de Atividades Financeiras (Coaf) apontando um dep\u00f3sito em dinheiro, na boca do caixa, de R$ 100 mil, na conta de Ronnie Lessa, no dia 9 de outubro de 2018. Ele foi filmado fazendo o dep\u00f3sito e as imagens fazem parte do processo.<\/p>\n<p>Fonte: Ag\u00eancia Brasil<\/p>\n","protected":false},"excerpt":{"rendered":"<p>O sargento da Pol\u00edcia Militar (PM) reformado Ronnie Lessa e o ex-PM \u00c9lcio Queiroz se tornaram r\u00e9us, acusados por duplo homic\u00eddio triplamente qualificado contra Marielle Franco e Anderson Gomes, tentativa de homic\u00eddio contra a assessora que sobreviveu e por crime de recepta\u00e7\u00e3o. A den\u00fancia do Minist\u00e9rio P\u00fablico (MP) foi recebida nessa sexta-feira, 15, pelo o [&hellip;]<\/p>\n","protected":false},"author":96,"featured_media":136042,"comment_status":"closed","ping_status":"closed","sticky":false,"template":"","format":"standard","meta":{"footnotes":""},"categories":[302,436,440,439],"tags":[],"class_list":["post-136037","post","type-post","status-publish","format-standard","has-post-thumbnail","hentry","category-brasil-mundo","category-destaque-da-semana","category-destaques-do-dia","category-ultima-hora"],"_links":{"self":[{"href":"https:\/\/diarioregionaldigital.com.br\/index.php?rest_route=\/wp\/v2\/posts\/136037","targetHints":{"allow":["GET"]}}],"collection":[{"href":"https:\/\/diarioregionaldigital.com.br\/index.php?rest_route=\/wp\/v2\/posts"}],"about":[{"href":"https:\/\/diarioregionaldigital.com.br\/index.php?rest_route=\/wp\/v2\/types\/post"}],"author":[{"embeddable":true,"href":"https:\/\/diarioregionaldigital.com.br\/index.php?rest_route=\/wp\/v2\/users\/96"}],"replies":[{"embeddable":true,"href":"https:\/\/diarioregionaldigital.com.br\/index.php?rest_route=%2Fwp%2Fv2%2Fcomments&post=136037"}],"version-history":[{"count":0,"href":"https:\/\/diarioregionaldigital.com.br\/index.php?rest_route=\/wp\/v2\/posts\/136037\/revisions"}],"wp:featuredmedia":[{"embeddable":true,"href":"https:\/\/diarioregionaldigital.com.br\/index.php?rest_route=\/wp\/v2\/media\/136042"}],"wp:attachment":[{"href":"https:\/\/diarioregionaldigital.com.br\/index.php?rest_route=%2Fwp%2Fv2%2Fmedia&parent=136037"}],"wp:term":[{"taxonomy":"category","embeddable":true,"href":"https:\/\/diarioregionaldigital.com.br\/index.php?rest_route=%2Fwp%2Fv2%2Fcategories&post=136037"},{"taxonomy":"post_tag","embeddable":true,"href":"https:\/\/diarioregionaldigital.com.br\/index.php?rest_route=%2Fwp%2Fv2%2Ftags&post=136037"}],"curies":[{"name":"wp","href":"https:\/\/api.w.org\/{rel}","templated":true}]}}