{"id":136036,"date":"2019-03-18T09:12:28","date_gmt":"2019-03-18T12:12:28","guid":{"rendered":"https:\/\/diarioregionaldigital.com.br\/?p=136036"},"modified":"2019-03-18T13:57:12","modified_gmt":"2019-03-18T16:57:12","slug":"bem-comum-bairros-tem-sua-primeira-edicao-nesta-semana","status":"publish","type":"post","link":"https:\/\/diarioregionaldigital.com.br\/?p=136036","title":{"rendered":"\u201cBem Comum Bairros\u201d tem sua primeira edi\u00e7\u00e3o nesta semana"},"content":{"rendered":"<p>O Bairro Santa Luzia, na regi\u00e3o sul de Juiz de Fora, sediar\u00e1 o primeiro \u201cBem Comum Bairros\u201d de 2019. O projeto, promovido pela Prefeitura de Juiz de Fora (PJF), por meio da Secretaria de Comunica\u00e7\u00e3o Social (SCS), levar\u00e1 diferentes servi\u00e7os \u00e0 popula\u00e7\u00e3o entre os dias 19 e 23, no Curumim Santa Luzia. Com novo formato desde agosto de 2018, o projeto foi ampliado e reformulado, com objetivo de estar mais presente na comunidade, aumentando o di\u00e1logo entre o poder p\u00fablico e a popula\u00e7\u00e3o. E esse di\u00e1logo teve in\u00edcio na defini\u00e7\u00e3o do local de realiza\u00e7\u00e3o do evento, pela primeira vez escolhido pelos juiz-foranos, por meio da nova ferramenta do aplicativo Colab, a \u201cConsulta P\u00fablica\u201d.<\/p>\n<p>Outra novidade \u00e9 a descentraliza\u00e7\u00e3o dos servi\u00e7os e da presen\u00e7a do prefeito Ant\u00f4nio Almas. Al\u00e9m dos atendimentos da administra\u00e7\u00e3o municipal estarem sediados no Curumim Santa Luzia, servi\u00e7os ser\u00e3o levados para as pra\u00e7as dos bairros Santa Luzia e Ipiranga. O prefeito visitar\u00e1 ainda os equipamentos p\u00fablicos na regi\u00e3o, ouvindo as comunidades.<\/p>\n<p><b>Confira as atividades que ocorrer\u00e3o durante a semana:<\/b><\/p>\n<p><b>Dia 19 &#8211; Ter\u00e7a-feira \u2013 Dia da Seguran\u00e7a<\/b><\/p>\n<p><b>* No Curumim Santa Luzia<\/b><\/p>\n<p>&#8211; Secretaria de Seguran\u00e7a Urbana e Cidadania (Sesuc), atrav\u00e9s da Guarda Municipal (GM): palestras e a\u00e7\u00f5es sobre o projeto \u201cCerol\u201d;<\/p>\n<p>&#8211; Secretaria de Transporte e Tr\u00e2nsito (Settra): educa\u00e7\u00e3o no tr\u00e2nsito;<\/p>\n<p>&#8211; Pol\u00edcia Militar (PM): teatro educativo e dicas de seguran\u00e7a;<\/p>\n<p>&#8211; Corpo de Bombeiro Militar (CBM): preven\u00e7\u00e3o de inc\u00eandio;<\/p>\n<p>&#8211; Defesa Civil: cadastramento de agentes volunt\u00e1rios e apresenta\u00e7\u00e3o de teatro educativo.<\/p>\n<p><b>* Na pra\u00e7a do Bairro Santa Luzia<\/b><\/p>\n<p>&#8211; Secretaria de Sa\u00fade (SS): aferi\u00e7\u00e3o de press\u00e3o arterial e teste de escarro (campanha da tuberculose);<\/p>\n<p>&#8211; Secretaria de Atividades Urbanas (SAU): informa\u00e7\u00f5es sobre alvar\u00e1s e regulariza\u00e7\u00f5es;<\/p>\n<p>&#8211; Secretaria de Desenvolvimento Social (SDS): Cadastro \u00danico para Programas Sociais (Cad\u00danico), Centro de Refer\u00eancia de Assist\u00eancia Social (Cras) e Centro de Refer\u00eancia Especializado de Assist\u00eancia Social (Creas);<\/p>\n<p>&#8211; Departamento Municipal de Limpeza Urbana (Demlurb): feira de ado\u00e7\u00e3o de animais e consultas veterin\u00e1rias gratuitas;<\/p>\n<p>&#8211; Secretaria de Desenvolvimento Econ\u00f4mico, Trabalho e Turismo (Sedettur): orienta\u00e7\u00f5es sobre emprego;<\/p>\n<p>&#8211; Casa da Mulher: orienta\u00e7\u00f5es sobre servi\u00e7os;<\/p>\n<p>&#8211; Ag\u00eancia de Prote\u00e7\u00e3o e Defesa do Consumidor (Procon M\u00f3vel);<\/p>\n<p>&#8211; Consult\u00f3rio na Rua;<\/p>\n<p>&#8211; Associa\u00e7\u00e3o Feminina de Preven\u00e7\u00e3o e Combate ao C\u00e2ncer de Juiz de Fora (Ascomcer M\u00f3vel).<\/p>\n<p><b>Dia 20 &#8211; Quarta-feira \u2013 Dia do Conhecimento<\/b><\/p>\n<p><b>* No Curumim Santa Luzia<\/b><\/p>\n<p>&#8211; Procon: palestra sobre educa\u00e7\u00e3o financeira;<\/p>\n<p>&#8211; Demlurb: para as crian\u00e7as &#8211; pintura facial e a\u00e7\u00f5es de conscientiza\u00e7\u00e3o sobre bons tratos aos animais;<\/p>\n<p>&#8211; Museu \u201cMariano Proc\u00f3pio\u201d: atividades sobre o complexo cultural e hist\u00f3rico;<\/p>\n<p>&#8211; Funda\u00e7\u00e3o Cultural \u201cAlfredo Ferreira Lage\u201d (Funalfa): atividades sobre educa\u00e7\u00e3o patrimonial;<\/p>\n<p>&#8211; Hemominas: projeto \u201cDoador para o Futuro\u201d.<\/p>\n<p><b>Dia 21 &#8211; Quinta- feira \u2013 Dia Verde<\/b><\/p>\n<p><b>* No Curumim Santa Luzia<\/b><\/p>\n<p>&#8211; Secretaria de Meio Ambiente (SMA): distribui\u00e7\u00e3o de mudas e apresenta\u00e7\u00e3o de trabalhos did\u00e1ticos sobre a preserva\u00e7\u00e3o do meio ambiente, com plantio de \u00e1rvores na escola;<\/p>\n<p>&#8211; Demlurb: a\u00e7\u00f5es sobre educa\u00e7\u00e3o ambiental (reciclagem);<\/p>\n<p>&#8211; Companhia de Saneamento Municipal (Cesama): import\u00e2ncia do consumo consciente da \u00e1gua, despolui\u00e7\u00e3o do Rio Paraibuna, negocia\u00e7\u00e3o de d\u00e9bitos e cadastro para tarifa social.<\/p>\n<p><b>* Na pra\u00e7a do Bairro Ipiranga<\/b><\/p>\n<p>&#8211; SS: aferi\u00e7\u00e3o de press\u00e3o arterial e teste de escarro (campanha da tuberculose);<\/p>\n<p>&#8211; SAU: informa\u00e7\u00f5es sobre alvar\u00e1s e regulariza\u00e7\u00f5es;<\/p>\n<p>&#8211; SDS: Cad\u00danico, Cras e Creas;<\/p>\n<p>&#8211; Sedettu): orienta\u00e7\u00f5es sobre emprego;<\/p>\n<p>&#8211; Casa da Mulher: orienta\u00e7\u00f5es sobre servi\u00e7os;<\/p>\n<p>&#8211; Procon M\u00f3vel;<\/p>\n<p>&#8211; Consult\u00f3rio na Rua;<\/p>\n<p><b>Dia 22 &#8211; Sexta-feira \u2013 Dia Divertido<\/b><\/p>\n<p>&#8211; Funalfa: programa \u201cGente em Primeiro Lugar\u201d, com oficinas de dan\u00e7a, percuss\u00e3o e grafite. Os alunos far\u00e3o a grafitagem de uma parte do muro da escola;<\/p>\n<p>&#8211; Secretaria de Esporte e Lazer (SEL): oficinas esportivas de v\u00e1rias modalidades;<\/p>\n<p><b>Dia 23 \u2013 S\u00e1bado \u2013 Encerramento do projeto<\/b><\/p>\n<p>A\u00e7\u00f5es culturais e de presta\u00e7\u00e3o de servi\u00e7o;<\/p>\n<p><b>Programa\u00e7\u00e3o de palco:<\/b><\/p>\n<p>9 horas &#8211; Apresenta\u00e7\u00e3o de dan\u00e7a de sal\u00e3o Secretaria de Administra\u00e7\u00e3o e Recursos Humanos (SARH) e Departamento de Ambi\u00eancia Organizacional (Damor);<\/p>\n<p>9h30- Coral Cesama;<\/p>\n<p>10 horas \u2013 Solenidade;<\/p>\n<p>10h30 &#8211; Apresenta\u00e7\u00e3o do programa \u201cGente em Primeiro Lugar\u201d;<\/p>\n<p>11h30 &#8211; Show de pagode.<\/p>\n<p>Fonte: PJF<\/p>\n","protected":false},"excerpt":{"rendered":"<p>O Bairro Santa Luzia, na regi\u00e3o sul de Juiz de Fora, sediar\u00e1 o primeiro \u201cBem Comum Bairros\u201d de 2019. O projeto, promovido pela Prefeitura de Juiz de Fora (PJF), por meio da Secretaria de Comunica\u00e7\u00e3o Social (SCS), levar\u00e1 diferentes servi\u00e7os \u00e0 popula\u00e7\u00e3o entre os dias 19 e 23, no Curumim Santa Luzia. Com novo formato [&hellip;]<\/p>\n","protected":false},"author":96,"featured_media":130741,"comment_status":"closed","ping_status":"closed","sticky":false,"template":"","format":"standard","meta":{"footnotes":""},"categories":[253,436,439],"tags":[],"class_list":["post-136036","post","type-post","status-publish","format-standard","has-post-thumbnail","hentry","category-cidade","category-destaque-da-semana","category-ultima-hora"],"_links":{"self":[{"href":"https:\/\/diarioregionaldigital.com.br\/index.php?rest_route=\/wp\/v2\/posts\/136036","targetHints":{"allow":["GET"]}}],"collection":[{"href":"https:\/\/diarioregionaldigital.com.br\/index.php?rest_route=\/wp\/v2\/posts"}],"about":[{"href":"https:\/\/diarioregionaldigital.com.br\/index.php?rest_route=\/wp\/v2\/types\/post"}],"author":[{"embeddable":true,"href":"https:\/\/diarioregionaldigital.com.br\/index.php?rest_route=\/wp\/v2\/users\/96"}],"replies":[{"embeddable":true,"href":"https:\/\/diarioregionaldigital.com.br\/index.php?rest_route=%2Fwp%2Fv2%2Fcomments&post=136036"}],"version-history":[{"count":0,"href":"https:\/\/diarioregionaldigital.com.br\/index.php?rest_route=\/wp\/v2\/posts\/136036\/revisions"}],"wp:featuredmedia":[{"embeddable":true,"href":"https:\/\/diarioregionaldigital.com.br\/index.php?rest_route=\/wp\/v2\/media\/130741"}],"wp:attachment":[{"href":"https:\/\/diarioregionaldigital.com.br\/index.php?rest_route=%2Fwp%2Fv2%2Fmedia&parent=136036"}],"wp:term":[{"taxonomy":"category","embeddable":true,"href":"https:\/\/diarioregionaldigital.com.br\/index.php?rest_route=%2Fwp%2Fv2%2Fcategories&post=136036"},{"taxonomy":"post_tag","embeddable":true,"href":"https:\/\/diarioregionaldigital.com.br\/index.php?rest_route=%2Fwp%2Fv2%2Ftags&post=136036"}],"curies":[{"name":"wp","href":"https:\/\/api.w.org\/{rel}","templated":true}]}}