{"id":136031,"date":"2019-03-16T09:04:00","date_gmt":"2019-03-16T12:04:00","guid":{"rendered":"https:\/\/diarioregionaldigital.com.br\/?p=136031"},"modified":"2019-03-16T09:04:00","modified_gmt":"2019-03-16T12:04:00","slug":"settra-monta-esquema-especial-de-transporte-e-transito-para-jogo-tupi-x-cruzeiro","status":"publish","type":"post","link":"https:\/\/diarioregionaldigital.com.br\/?p=136031","title":{"rendered":"Settra monta esquema especial de transporte e tr\u00e2nsito para jogo Tupi x Cruzeiro"},"content":{"rendered":"<p>Neste s\u00e1bado, 16, a Secretaria de Transporte e Tr\u00e2nsito (Settra) da Prefeitura de Juiz de Fora (PJF) disponibilizar\u00e1 a linha extra 517 \u2013 Est\u00e1dio, para atender os torcedores do jogo Tupi x Cruzeiro, \u00e0s 16 horas, no Est\u00e1dio Municipal \u201cRadialista M\u00e1rio Hel\u00eanio\u201d. O valor da tarifa ser\u00e1 de R$ 3,35. Tamb\u00e9m ser\u00e3o feitas altera\u00e7\u00f5es de tr\u00e1fego na regi\u00e3o do est\u00e1dio, a partir das 14 horas.<\/p>\n<p><b>Torcedores do Tupi<\/b><\/p>\n<p>A partir das 14 horas, os \u00f4nibus para a torcida do Tupi, no sentido Est\u00e1dio Municipal, come\u00e7ar\u00e3o a circular, saindo da Avenida Presidente Itamar Franco (em frente a Ag\u00eancia de Prote\u00e7\u00e3o e Defesa do Consumidor &#8211; Procon), com o seguinte itiner\u00e1rio:<\/p>\n<p>Centro\/est\u00e1dio: avenidas Presidente Itamar Franco, Doutor Paulo Japiass\u00fa Coelho, Deusdedith Salgado, Prefeito Mello Reis e Eug\u00eanio do Nascimento, esquina com Rua Jos\u00e9 Apol\u00f4nio dos Reis (primeira rotat\u00f3ria &#8211; Clube dos Banc\u00e1rios).<\/p>\n<p>Sentido est\u00e1dio\/Centro: avenidas Eug\u00eanio do Nascimento (esquina com Rua Jos\u00e9 Apol\u00f4nio dos Reis, primeira &#8211; Clube dos Banc\u00e1rios), Prefeito Mello Reis, Doutor Paulo Japiass\u00fa Coelho, Presidente Itamar Franco e Brasil (margem direita), Ponte Nelson Silva, Avenida Brasil (margem esquerda), Ponte Ant\u00f4nio Carlos e Avenida Presidente Itamar Franco.<\/p>\n<p><b>Torcedores do Cruzeiro<\/b><\/p>\n<p>O transporte coletivo para torcida do Cruzeiro sair\u00e1 da Rua Benjamin Constant, 790 (em frente ao Museu de Arte \u201cMurilo Mendes\u201d &#8211; Mamm), a partir das 14h30, com o seguinte itiner\u00e1rio:<\/p>\n<p>Centro\/est\u00e1dio: ruas Benjamin Constant, Santo Ant\u00f4nio, Bar\u00e3o de Cataguases, Doutor Jo\u00e3o Pinheiro, Engenheiro Gentil Forn e Jos\u00e9 Louren\u00e7o Kelmer, Avenida Presidente Costa e Silva, Via Local \u2013 Anel Vi\u00e1rio da Universidade Federal de Juiz de Fora (UFJF), avenidas Eug\u00eanio do Nascimento, e Engenheiro Waldir Pedro Monachesi, 34 (perpendicular ao Servi\u00e7o Social da Ind\u00fastria \u2013 Sesi Minas).<\/p>\n<p>Est\u00e1dio\/Centro: avenidas Engenheiro Waldir Pedro Monachesi, 34 (perpendicular ao SESI Minas), Eug\u00eanio do Nascimento, Via Local &#8211; Anel Vi\u00e1rio da UFJF, Avenida Presidente Costa e Silva, ruas Jos\u00e9 Louren\u00e7o Kelmer, Engenheiro Gentil Forn, Doutor Jo\u00e3o Pinheiro, Paula Lima, Avenida dos Andradas e Rua Benjamin Constant.<\/p>\n<p><b>Hor\u00e1rios<\/b><\/p>\n<p>Tupi \u2013 Sa\u00eddas do Centro: 14 horas, 14h30, 14h45, 15 horas, 15h15, 15h30 e 15h45. Do est\u00e1dio: 14h30, 15 horas, 15h15, 15h30, 15h45, 16 horas e 16h15.<\/p>\n<p>Cruzeiro &#8211; Sa\u00eddas do Centro: 14h30, 15h15 e 15h30. Do Est\u00e1dio: 15 horas, 15h45 e 16 horas.<\/p>\n<p>A torcida do Tupi entrar\u00e1 pelo port\u00e3o 1 e a do Cruzeiro pelo 3. A sa\u00edda ser\u00e1 pelos port\u00f5es 1, 2 e 3.<\/p>\n<p><b>Linhas alternativas<\/b><\/p>\n<p>As linhas 515\u2013Dom Orione, 537\u2013Jardim da Serra e 539\u2013Santos Dumont poder\u00e3o ser utilizadas como alternativas para chegar ao est\u00e1dio. Hor\u00e1rios e itiner\u00e1rios podem ser conferidos no \u201cPortal da PJF\u201d: pjf.mg.gov.br\/\u00f4nibus. Neste mesmo endere\u00e7o eletr\u00f4nico, ou pelo aplicativo \u201cCittaMobi\u201d, os passageiros t\u00eam ainda possibilidade de acompanhar a viagem em tempo real, ou seja, a localiza\u00e7\u00e3o exata do \u00f4nibus.<\/p>\n<p><b>Modifica\u00e7\u00f5es no tr\u00e2nsito<\/b><\/p>\n<p>A partir de 14 horas ser\u00e1 implantada m\u00e3o \u00fanica de circula\u00e7\u00e3o na Avenida Eug\u00eanio do Nascimento, entre Avenida Engenheiro Waldir Pedro Monachesi e Rua Jos\u00e9 Apol\u00f4nio dos Reis, neste sentido; e na Rua Jos\u00e9 Apol\u00f4nio dos Reis, entre Rua Liduino Vieira dos Reis e Avenida Eug\u00eanio do Nascimento, neste sentido.<\/p>\n<p>Ficar\u00e1 proibida a convers\u00e3o \u00e0 esquerda dos ve\u00edculos provenientes da Avenida Presidente Itamar Franco em dire\u00e7\u00e3o \u00e0 Rua Vicente Beguelli; e dos provenientes da Avenida Eug\u00eanio do Nascimento em dire\u00e7\u00e3o \u00e0 UFJF, exceto o transporte coletivo.<\/p>\n<p>A Avenida Eug\u00eanio do Nascimento, entre Avenida Engenheiro Waldir Pedro Monachesi (Sesi) e a Rua Jos\u00e9 Apol\u00f4nio dos Reis ser\u00e1 pista exclusiva para \u00f4nibus urbano, t\u00e1xi e autoridades. A Rua Liduino Vieira dos Reis ficar\u00e1 destinada \u00e0 parada de t\u00e1xi.<\/p>\n<p>A Avenida Eug\u00eanio do Nascimento, entre a Avenida Engenheiro Waldir Pedro Monachesi e Rua Francisco Fayer Sobrinho ficar\u00e1 reservada para o estacionamento dos \u00f4nibus dos torcedores da torcida visitante.<\/p>\n<p>Haver\u00e1 ainda proibi\u00e7\u00e3o de estacionamento de um lado da Avenida Eug\u00eanio do Nascimento, entre Avenida Prefeito Mello Reis e Rua \u00c1lvaro Jos\u00e9 Rodrigues; da Rua Jos\u00e9 Apol\u00f4nio dos Reis, entre as ruas Liduino Vieira dos Reis e \u00c1lvaro Jos\u00e9 Rodrigues; da Avenida Eug\u00eanio do Nascimento, entre as ruas Francisco Fayer Sobrinho e Guilherme de Almeida.<\/p>\n<p>Os ve\u00edculos particulares provenientes da Avenida Eug\u00eanio do Nascimento ser\u00e3o desviados para Avenida Engenheiro Waldir Pedro Monachesi, para acessarem o estacionamento do port\u00e3o principal do est\u00e1dio.<\/p>\n<p><b>No fim da partida<\/b><\/p>\n<p>A Rua Jos\u00e9 Apol\u00f4nio dos Reis dever\u00e1 ser fechada. Os ve\u00edculos provenientes do estacionamento do est\u00e1dio ser\u00e3o desviados para as ruas Jos\u00e9 Apol\u00f4nio dos Reis e \u00c1lvaro Jos\u00e9 Rodrigues.<\/p>\n<p>O acesso da Avenida Presidente Itamar Franco para a Avenida Eug\u00eanio do Nascimento ficar\u00e1 exclusivo para \u00f4nibus urbano, t\u00e1xi e autoridades. Os ve\u00edculos particulares ser\u00e3o desviados para o Campus da UFJF.<\/p>\n<p>Fonte: PJF<\/p>\n","protected":false},"excerpt":{"rendered":"<p>Neste s\u00e1bado, 16, a Secretaria de Transporte e Tr\u00e2nsito (Settra) da Prefeitura de Juiz de Fora (PJF) disponibilizar\u00e1 a linha extra 517 \u2013 Est\u00e1dio, para atender os torcedores do jogo Tupi x Cruzeiro, \u00e0s 16 horas, no Est\u00e1dio Municipal \u201cRadialista M\u00e1rio Hel\u00eanio\u201d. O valor da tarifa ser\u00e1 de R$ 3,35. Tamb\u00e9m ser\u00e3o feitas altera\u00e7\u00f5es de [&hellip;]<\/p>\n","protected":false},"author":96,"featured_media":136032,"comment_status":"closed","ping_status":"closed","sticky":false,"template":"","format":"standard","meta":{"footnotes":""},"categories":[253,436,440,439],"tags":[],"class_list":["post-136031","post","type-post","status-publish","format-standard","has-post-thumbnail","hentry","category-cidade","category-destaque-da-semana","category-destaques-do-dia","category-ultima-hora"],"_links":{"self":[{"href":"https:\/\/diarioregionaldigital.com.br\/index.php?rest_route=\/wp\/v2\/posts\/136031","targetHints":{"allow":["GET"]}}],"collection":[{"href":"https:\/\/diarioregionaldigital.com.br\/index.php?rest_route=\/wp\/v2\/posts"}],"about":[{"href":"https:\/\/diarioregionaldigital.com.br\/index.php?rest_route=\/wp\/v2\/types\/post"}],"author":[{"embeddable":true,"href":"https:\/\/diarioregionaldigital.com.br\/index.php?rest_route=\/wp\/v2\/users\/96"}],"replies":[{"embeddable":true,"href":"https:\/\/diarioregionaldigital.com.br\/index.php?rest_route=%2Fwp%2Fv2%2Fcomments&post=136031"}],"version-history":[{"count":0,"href":"https:\/\/diarioregionaldigital.com.br\/index.php?rest_route=\/wp\/v2\/posts\/136031\/revisions"}],"wp:featuredmedia":[{"embeddable":true,"href":"https:\/\/diarioregionaldigital.com.br\/index.php?rest_route=\/wp\/v2\/media\/136032"}],"wp:attachment":[{"href":"https:\/\/diarioregionaldigital.com.br\/index.php?rest_route=%2Fwp%2Fv2%2Fmedia&parent=136031"}],"wp:term":[{"taxonomy":"category","embeddable":true,"href":"https:\/\/diarioregionaldigital.com.br\/index.php?rest_route=%2Fwp%2Fv2%2Fcategories&post=136031"},{"taxonomy":"post_tag","embeddable":true,"href":"https:\/\/diarioregionaldigital.com.br\/index.php?rest_route=%2Fwp%2Fv2%2Ftags&post=136031"}],"curies":[{"name":"wp","href":"https:\/\/api.w.org\/{rel}","templated":true}]}}