{"id":136016,"date":"2019-03-16T08:44:51","date_gmt":"2019-03-16T11:44:51","guid":{"rendered":"https:\/\/diarioregionaldigital.com.br\/?p=136016"},"modified":"2019-03-16T08:44:51","modified_gmt":"2019-03-16T11:44:51","slug":"justica-condena-o-pai-e-a-madrasta-pela-morte-de-bernardo-boldrini","status":"publish","type":"post","link":"https:\/\/diarioregionaldigital.com.br\/?p=136016","title":{"rendered":"Justi\u00e7a condena o pai e a madrasta pela morte de Bernardo Boldrini"},"content":{"rendered":"<p>A ju\u00edza Sucilene Engler, do Tribunal de Justi\u00e7a do Rio Grande do Sul, condenou nessa sexta-feira, 15, \u00e0 pris\u00e3o os quatro\u00a0envolvidos no assassinato de Bernardo Boldrini, de 11 anos, em 2014. Entre os\u00a0condenados\u00a0est\u00e3o o pai, a madrastra, uma amiga da fam\u00edlia e o irm\u00e3o dela. O julgamento terminou ap\u00f3s cinco dias e reunir um p\u00fablico que se aglomerou do lado de fora do tribunal de Tr\u00eas Passos, cidade de pouco mais de 23,9 mil habitantes.<\/p>\n<p>O pai do menino, Leandro Boldrini, foi setenciado a \u00a033 anos e 8 meses de pris\u00e3o, sendo 30 anos e 8 meses por homic\u00eddio, 2 anos por oculta\u00e7\u00e3o de cad\u00e1ver e 1 ano por falsidade ideol\u00f3gica. Graciele Ugulini, madrasta de Bernado, foi condenada a 34 anos e 7 meses de pris\u00e3o, dos quais 32 anos e 8 meses por homic\u00eddio e 1 ano e 11 meses por oculta\u00e7\u00e3o de cad\u00e1ver.<\/p>\n<p>Edelv\u00e2nia Wirganovicz, amiga da fam\u00edlia, foi condenada a 22 anos e 10 meses\u00a0por homic\u00eddio e oculta\u00e7\u00e3o de cad\u00e1ver. Para Evandro Wirganovicz, irm\u00e3o de Edelv\u00e2nia, a pena total fixada foi de 9 anos e 6 meses, sendo 8 anos por homic\u00eddio simples e 1 ano e 6 meses por oculta\u00e7\u00e3o de cad\u00e1ver.<\/p>\n<div style=\"width: 764px\" class=\"wp-caption aligncenter\"><img loading=\"lazy\" decoding=\"async\" src=\"http:\/\/imagens.ebc.com.br\/G4EQw6XnDlJsFZVEyggdKH9coOs=\/754x0\/smart\/http:\/\/agenciabrasil.ebc.com.br\/sites\/default\/files\/thumbnails\/image\/d1usmzgw0aaepqq.jpg?itok=OWkV8iLy\" alt=\"Julgamento Caso Bernardo\" width=\"754\" height=\"566\" \/><p class=\"wp-caption-text\">Julgamento do caso Bernardo Boldrini: os quatro r\u00e9us foram sentenciados \u00e0 pris\u00e3o &#8211; Tribunal de Justi\u00e7a do Rio Grande do Sul<\/p><\/div>\n<h2>Recursos<\/h2>\n<p>Os condenados n\u00e3o poder\u00e3o recorrer em liberdade da decis\u00e3o. Apenas Evandro Wirganovicz poder\u00e1 cumprir a senten\u00e7a em regime semi-aberto.<\/p>\n<p>O pai de Bernardo negou envolvimento no crime, enquanto a madrasta assumiu a responsabilidade pelo assassinato e disse ter ocorrido \u201cuma sequ\u00eancia de erros\u201d entre choro e frases balbuciadas.<\/p>\n<h2>Crime<\/h2>\n<p>Bernardo Boldrini, segundo depoimentos, era v\u00edtima de descaso e falta de aten\u00e7\u00e3o por parte do pai e da madrasta. O menino foi morto com uma inje\u00e7\u00e3o letal e o corpo encontrado 10 dias depois, em uma cova vertical, \u00e0 beira de um riacho em Frederico Westphalen.<\/p>\n<p>Dezoito testemunhas prestaramo depoimentos, das quais cinco arroladas pela acusa\u00e7\u00e3o, nove pela defesa de Leandro Boldrini e quatro pela defesa de Graciele Ugulini.<\/p>\n<p>Fonte: Ag\u00eancia Brasil<\/p>\n","protected":false},"excerpt":{"rendered":"<p>A ju\u00edza Sucilene Engler, do Tribunal de Justi\u00e7a do Rio Grande do Sul, condenou nessa sexta-feira, 15, \u00e0 pris\u00e3o os quatro\u00a0envolvidos no assassinato de Bernardo Boldrini, de 11 anos, em 2014. Entre os\u00a0condenados\u00a0est\u00e3o o pai, a madrastra, uma amiga da fam\u00edlia e o irm\u00e3o dela. O julgamento terminou ap\u00f3s cinco dias e reunir um p\u00fablico [&hellip;]<\/p>\n","protected":false},"author":96,"featured_media":136018,"comment_status":"closed","ping_status":"closed","sticky":false,"template":"","format":"standard","meta":{"footnotes":""},"categories":[302,436,439],"tags":[],"class_list":["post-136016","post","type-post","status-publish","format-standard","has-post-thumbnail","hentry","category-brasil-mundo","category-destaque-da-semana","category-ultima-hora"],"_links":{"self":[{"href":"https:\/\/diarioregionaldigital.com.br\/index.php?rest_route=\/wp\/v2\/posts\/136016","targetHints":{"allow":["GET"]}}],"collection":[{"href":"https:\/\/diarioregionaldigital.com.br\/index.php?rest_route=\/wp\/v2\/posts"}],"about":[{"href":"https:\/\/diarioregionaldigital.com.br\/index.php?rest_route=\/wp\/v2\/types\/post"}],"author":[{"embeddable":true,"href":"https:\/\/diarioregionaldigital.com.br\/index.php?rest_route=\/wp\/v2\/users\/96"}],"replies":[{"embeddable":true,"href":"https:\/\/diarioregionaldigital.com.br\/index.php?rest_route=%2Fwp%2Fv2%2Fcomments&post=136016"}],"version-history":[{"count":0,"href":"https:\/\/diarioregionaldigital.com.br\/index.php?rest_route=\/wp\/v2\/posts\/136016\/revisions"}],"wp:featuredmedia":[{"embeddable":true,"href":"https:\/\/diarioregionaldigital.com.br\/index.php?rest_route=\/wp\/v2\/media\/136018"}],"wp:attachment":[{"href":"https:\/\/diarioregionaldigital.com.br\/index.php?rest_route=%2Fwp%2Fv2%2Fmedia&parent=136016"}],"wp:term":[{"taxonomy":"category","embeddable":true,"href":"https:\/\/diarioregionaldigital.com.br\/index.php?rest_route=%2Fwp%2Fv2%2Fcategories&post=136016"},{"taxonomy":"post_tag","embeddable":true,"href":"https:\/\/diarioregionaldigital.com.br\/index.php?rest_route=%2Fwp%2Fv2%2Ftags&post=136016"}],"curies":[{"name":"wp","href":"https:\/\/api.w.org\/{rel}","templated":true}]}}