{"id":136013,"date":"2019-03-16T08:40:29","date_gmt":"2019-03-16T11:40:29","guid":{"rendered":"https:\/\/diarioregionaldigital.com.br\/?p=136013"},"modified":"2019-03-16T08:40:29","modified_gmt":"2019-03-16T11:40:29","slug":"procuradoria-estadual-comeca-a-atender-atingidos-no-ataque-em-suzano","status":"publish","type":"post","link":"https:\/\/diarioregionaldigital.com.br\/?p=136013","title":{"rendered":"Procuradoria estadual come\u00e7a a atender atingidos no ataque em Suzano"},"content":{"rendered":"<p>A Procuradoria-Geral do Estado de S\u00e3o Paulo iniciou nessa sexta-feira, 15, um plant\u00e3o de atendimento para os parentes das v\u00edtimas e dos alunos que se feriram no\u00a0ataque ocorrido quarta-feira , 13, na Escola Estadual Professor Raul Brasil, em Suzano. O servi\u00e7o ser\u00e1 prestado at\u00e9\u00a0<span id=\"OBJ_PREFIX_DWT1912_com_zimbra_date\" role=\"link\">domingo,\u00a0<\/span>17, das 9h \u00e0s 17h, na Diretoria de Ensino \u2013 Regional Suzano Suzano, na Avenida Mogi das Cruzes, 175, Parque Suzano.<\/p>\n<p>Segundo o governo, o plant\u00e3o poder\u00e1 ser estendido de acordo com a necessidade de atendimento. A procuradora-geral do estado, Lia Porto, estar\u00e1 no local neste s\u00e1bado, 16, a partir das 15h.<\/p>\n<p>A Defensoria P\u00fablica do Estado tamb\u00e9m vai manter plant\u00e3o especializado no local. Para tanto, foi instalado um ve\u00edculo de atendimento m\u00f3vel, que ficar\u00e1 na Delegacia Regional de Ensino at\u00e9\u00a0<span id=\"OBJ_PREFIX_DWT1913_com_zimbra_date\" role=\"link\">domingo, 17<\/span>,\u00a0 das 10h \u00e0s 17h. Defensores p\u00fablicos, al\u00e9m de equipes multidisciplinares com forma\u00e7\u00e3o em psicologia e servi\u00e7o social, v\u00e3o prestar o atendimento.<\/p>\n<p>No local, tamb\u00e9m vai funcionar o comit\u00ea executivo do governo do estado para apoio \u00e0s fam\u00edlias. O objetivo inicial \u00e9 estar \u00e0 disposi\u00e7\u00e3o para contato das fam\u00edlias e cadastramento de seus dados, incluindo suporte de atendimento psicossocial, sem preju\u00edzo de encaminhamentos para atendimento pelos \u00f3rg\u00e3os da rede p\u00fablica. A Defensoria P\u00fablica oferecer\u00e1 ainda suporte jur\u00eddico gratuito para eventuais medidas cab\u00edveis, incluindo a possibilidade de indeniza\u00e7\u00f5es, acionando a Justi\u00e7a, ou de negocia\u00e7\u00f5es\u00a0com o governo paulista.<\/p>\n<h2>Indeniza\u00e7\u00e3o<\/h2>\n<p>Na edi\u00e7\u00e3o desta quinta-feira (14), o\u00a0<em>Di\u00e1rio Oficial do Estado\u00a0<\/em>publicou o decreto do governador Jo\u00e3o Doria que autoriza o pagamento de indeniza\u00e7\u00e3o \u00e0s fam\u00edlias das sete pessoas que morreram dentro da escola (cinco alunos e duas funcion\u00e1rias).<\/p>\n<p><span id=\"OBJ_PREFIX_DWT1915_com_zimbra_date\" role=\"link\">Ontem<\/span>\u00a0D\u00f3ria disse que o valor da indeniza\u00e7\u00e3o seria de cerca de R$ 100 mil para cada fam\u00edlia, mas a publica\u00e7\u00e3o informa que o valor de cada indeniza\u00e7\u00e3o ser\u00e1 fixado por uma comiss\u00e3o, que estudar\u00e1 caso a caso. Quem aderir \u00e0 indeniza\u00e7\u00e3o precisar\u00e1 abrir m\u00e3o do direito de processar o estado.<\/p>\n<p>Fonte: Ag\u00eancia Brasil<\/p>\n","protected":false},"excerpt":{"rendered":"<p>A Procuradoria-Geral do Estado de S\u00e3o Paulo iniciou nessa sexta-feira, 15, um plant\u00e3o de atendimento para os parentes das v\u00edtimas e dos alunos que se feriram no\u00a0ataque ocorrido quarta-feira , 13, na Escola Estadual Professor Raul Brasil, em Suzano. O servi\u00e7o ser\u00e1 prestado at\u00e9\u00a0domingo,\u00a017, das 9h \u00e0s 17h, na Diretoria de Ensino \u2013 Regional Suzano [&hellip;]<\/p>\n","protected":false},"author":96,"featured_media":136014,"comment_status":"closed","ping_status":"closed","sticky":false,"template":"","format":"standard","meta":{"footnotes":""},"categories":[302,436,439],"tags":[],"class_list":["post-136013","post","type-post","status-publish","format-standard","has-post-thumbnail","hentry","category-brasil-mundo","category-destaque-da-semana","category-ultima-hora"],"_links":{"self":[{"href":"https:\/\/diarioregionaldigital.com.br\/index.php?rest_route=\/wp\/v2\/posts\/136013","targetHints":{"allow":["GET"]}}],"collection":[{"href":"https:\/\/diarioregionaldigital.com.br\/index.php?rest_route=\/wp\/v2\/posts"}],"about":[{"href":"https:\/\/diarioregionaldigital.com.br\/index.php?rest_route=\/wp\/v2\/types\/post"}],"author":[{"embeddable":true,"href":"https:\/\/diarioregionaldigital.com.br\/index.php?rest_route=\/wp\/v2\/users\/96"}],"replies":[{"embeddable":true,"href":"https:\/\/diarioregionaldigital.com.br\/index.php?rest_route=%2Fwp%2Fv2%2Fcomments&post=136013"}],"version-history":[{"count":0,"href":"https:\/\/diarioregionaldigital.com.br\/index.php?rest_route=\/wp\/v2\/posts\/136013\/revisions"}],"wp:featuredmedia":[{"embeddable":true,"href":"https:\/\/diarioregionaldigital.com.br\/index.php?rest_route=\/wp\/v2\/media\/136014"}],"wp:attachment":[{"href":"https:\/\/diarioregionaldigital.com.br\/index.php?rest_route=%2Fwp%2Fv2%2Fmedia&parent=136013"}],"wp:term":[{"taxonomy":"category","embeddable":true,"href":"https:\/\/diarioregionaldigital.com.br\/index.php?rest_route=%2Fwp%2Fv2%2Fcategories&post=136013"},{"taxonomy":"post_tag","embeddable":true,"href":"https:\/\/diarioregionaldigital.com.br\/index.php?rest_route=%2Fwp%2Fv2%2Ftags&post=136013"}],"curies":[{"name":"wp","href":"https:\/\/api.w.org\/{rel}","templated":true}]}}