{"id":136006,"date":"2019-03-17T06:00:59","date_gmt":"2019-03-17T09:00:59","guid":{"rendered":"https:\/\/diarioregionaldigital.com.br\/?p=136006"},"modified":"2019-03-20T02:52:45","modified_gmt":"2019-03-20T05:52:45","slug":"convocacao-assistencia-social-nossa-senhora-da-gloria-17-031-9","status":"publish","type":"post","link":"https:\/\/diarioregionaldigital.com.br\/?p=136006","title":{"rendered":"Convoca\u00e7\u00e3o &#8211; Assist\u00eancia Social Nossa Senhora da Gl\u00f3ria &#8211; 20\/03\/19"},"content":{"rendered":"<p style=\"text-align: center;\"><strong>Convoca\u00e7\u00e3o<\/strong><\/p>\n<p style=\"text-align: center;\">\u201c<em>A Assist\u00eancia Social Nossa Senhora da Gl\u00f3ria convoca seus associados \u201cquites\u201d para a Assembl\u00e9ia Geral Ordin\u00e1ria a ser realizada em sua sede, \u00e0 Rua Feliciano Penna, n\u00ba 187 \u2013 bairro Mariano Proc\u00f3pio, Juiz de Fora &#8211; MG, no dia 17 de abril de 2019, em primeira convoca\u00e7\u00e3o \u00e0s 19:00, com a presen\u00e7a de dois ter\u00e7os dos associados e, em segunda convoca\u00e7\u00e3o, \u00e0s 19:30, com qualquer n\u00famero, deliberando-se pelo voto da maioria simples dos presentes. Ordem do dia: 1\u00ba- Aprecia\u00e7\u00e3o do Relat\u00f3rio Anual da Diretoria; 2\u00ba- Discutir e deliberar sobre as contas e\u00a0 balan\u00e7o de 2018; 3\u00ba tratar de assuntos gerais relativos ao perfeito funcionamento da Assist\u00eancia Social Nossa Senhora da Gl\u00f3ria. Juiz de Fora, 17 de mar\u00e7o de 2019 \u201d.<\/em><\/p>\n","protected":false},"excerpt":{"rendered":"<p>Convoca\u00e7\u00e3o \u201cA Assist\u00eancia Social Nossa Senhora da Gl\u00f3ria convoca seus associados \u201cquites\u201d para a Assembl\u00e9ia Geral Ordin\u00e1ria a ser realizada em sua sede, \u00e0 Rua Feliciano Penna, n\u00ba 187 \u2013 bairro Mariano Proc\u00f3pio, Juiz de Fora &#8211; MG, no dia 17 de abril de 2019, em primeira convoca\u00e7\u00e3o \u00e0s 19:00, com a presen\u00e7a de dois [&hellip;]<\/p>\n","protected":false},"author":96,"featured_media":0,"comment_status":"closed","ping_status":"closed","sticky":false,"template":"","format":"standard","meta":{"footnotes":""},"categories":[307],"tags":[],"class_list":["post-136006","post","type-post","status-publish","format-standard","hentry","category-editais"],"_links":{"self":[{"href":"https:\/\/diarioregionaldigital.com.br\/index.php?rest_route=\/wp\/v2\/posts\/136006","targetHints":{"allow":["GET"]}}],"collection":[{"href":"https:\/\/diarioregionaldigital.com.br\/index.php?rest_route=\/wp\/v2\/posts"}],"about":[{"href":"https:\/\/diarioregionaldigital.com.br\/index.php?rest_route=\/wp\/v2\/types\/post"}],"author":[{"embeddable":true,"href":"https:\/\/diarioregionaldigital.com.br\/index.php?rest_route=\/wp\/v2\/users\/96"}],"replies":[{"embeddable":true,"href":"https:\/\/diarioregionaldigital.com.br\/index.php?rest_route=%2Fwp%2Fv2%2Fcomments&post=136006"}],"version-history":[{"count":0,"href":"https:\/\/diarioregionaldigital.com.br\/index.php?rest_route=\/wp\/v2\/posts\/136006\/revisions"}],"wp:attachment":[{"href":"https:\/\/diarioregionaldigital.com.br\/index.php?rest_route=%2Fwp%2Fv2%2Fmedia&parent=136006"}],"wp:term":[{"taxonomy":"category","embeddable":true,"href":"https:\/\/diarioregionaldigital.com.br\/index.php?rest_route=%2Fwp%2Fv2%2Fcategories&post=136006"},{"taxonomy":"post_tag","embeddable":true,"href":"https:\/\/diarioregionaldigital.com.br\/index.php?rest_route=%2Fwp%2Fv2%2Ftags&post=136006"}],"curies":[{"name":"wp","href":"https:\/\/api.w.org\/{rel}","templated":true}]}}