{"id":135995,"date":"2019-03-15T16:13:08","date_gmt":"2019-03-15T19:13:08","guid":{"rendered":"https:\/\/diarioregionaldigital.com.br\/?p=135995"},"modified":"2019-03-15T16:13:08","modified_gmt":"2019-03-15T19:13:08","slug":"brasil-e-emirados-arabes-lamentam-ataques-a-mesquitas-na-nova-zelandia","status":"publish","type":"post","link":"https:\/\/diarioregionaldigital.com.br\/?p=135995","title":{"rendered":"Brasil e Emirados \u00c1rabes lamentam ataques a mesquitas na Nova Zel\u00e2ndia"},"content":{"rendered":"<p>Os chanceleres do Brasil, Ernesto Ara\u00fajo, e dos Emirados \u00c1rabes, xeique Abdullah bin Zayed Al Nahyan, lamentaram nesta sexta-feira, 15, os ataques a duas mesquitas na cidade de Christchurch, no sul da Nova Zel\u00e2ndia, que deixaram pelo menos 49 mortos e 48 feridos.<\/p>\n<p>\u201cQuero expressar nosso profundo pesar e indigna\u00e7\u00e3o diante do horr\u00edvel atentado ocorrido na Nova Zel\u00e2ndia. O governo brasileiro expressa o seu pesar e solidariedade \u00e0s fam\u00edlias que sofreram essa horr\u00edvel e inomin\u00e1vel perda\u201d, disse Ara\u00fajo, destacando que as rela\u00e7\u00f5es internacionais devem ser pautadas pela paz.<\/p>\n<p>A pol\u00edcia pediu o fechamento de mesquitas na Nova Zel\u00e2ndia, e quatro suspeitos est\u00e3o sob cust\u00f3dia \u2013 um deles foi acusado de assassinato. Pelo menos 48 pessoas, incluindo crian\u00e7as, est\u00e3o em hospitais em decorr\u00eancia de ferimentos a bala.<\/p>\n<p>Para o xeique Abdullah, o governo neozeland\u00eas tomar\u00e1 as medidas necess\u00e1rias para prender os autores dos ataques terroristas. \u201cTemos que trabalhar em conjunto contra o terrorismo e contra o incitamento ao \u00f3dio. Independentemente de religi\u00e3o e etnia, penso que, como na\u00e7\u00f5es, temos que respeitar o direito internacional e a soberania\u201d, afirmou, em declara\u00e7\u00e3o \u00e0 imprensa no Pal\u00e1cio Itamaraty. Ele tamb\u00e9m expressou condol\u00eancias aos familiares e amigos das v\u00edtimas.<\/p>\n<p>O ministro dos Neg\u00f3cios Estrangeiros e Coopera\u00e7\u00e3o Internacional dos Emirados \u00c1rabes est\u00e1 em visita oficial ao Brasil. Ele se reuniu com o ministro Ara\u00fajo e ter\u00e1 um encontro com o presidente Jair Bolsonaro no Pal\u00e1cio do Planalto.<\/p>\n<p>&nbsp;<\/p>\n<p>Fonte: Ag\u00eancia Brasil<\/p>\n","protected":false},"excerpt":{"rendered":"<p>Os chanceleres do Brasil, Ernesto Ara\u00fajo, e dos Emirados \u00c1rabes, xeique Abdullah bin Zayed Al Nahyan, lamentaram nesta sexta-feira, 15, os ataques a duas mesquitas na cidade de Christchurch, no sul da Nova Zel\u00e2ndia, que deixaram pelo menos 49 mortos e 48 feridos. \u201cQuero expressar nosso profundo pesar e indigna\u00e7\u00e3o diante do horr\u00edvel atentado ocorrido [&hellip;]<\/p>\n","protected":false},"author":96,"featured_media":135996,"comment_status":"closed","ping_status":"closed","sticky":false,"template":"","format":"standard","meta":{"footnotes":""},"categories":[302,436,262,439],"tags":[],"class_list":["post-135995","post","type-post","status-publish","format-standard","has-post-thumbnail","hentry","category-brasil-mundo","category-destaque-da-semana","category-noticias","category-ultima-hora"],"_links":{"self":[{"href":"https:\/\/diarioregionaldigital.com.br\/index.php?rest_route=\/wp\/v2\/posts\/135995","targetHints":{"allow":["GET"]}}],"collection":[{"href":"https:\/\/diarioregionaldigital.com.br\/index.php?rest_route=\/wp\/v2\/posts"}],"about":[{"href":"https:\/\/diarioregionaldigital.com.br\/index.php?rest_route=\/wp\/v2\/types\/post"}],"author":[{"embeddable":true,"href":"https:\/\/diarioregionaldigital.com.br\/index.php?rest_route=\/wp\/v2\/users\/96"}],"replies":[{"embeddable":true,"href":"https:\/\/diarioregionaldigital.com.br\/index.php?rest_route=%2Fwp%2Fv2%2Fcomments&post=135995"}],"version-history":[{"count":0,"href":"https:\/\/diarioregionaldigital.com.br\/index.php?rest_route=\/wp\/v2\/posts\/135995\/revisions"}],"wp:featuredmedia":[{"embeddable":true,"href":"https:\/\/diarioregionaldigital.com.br\/index.php?rest_route=\/wp\/v2\/media\/135996"}],"wp:attachment":[{"href":"https:\/\/diarioregionaldigital.com.br\/index.php?rest_route=%2Fwp%2Fv2%2Fmedia&parent=135995"}],"wp:term":[{"taxonomy":"category","embeddable":true,"href":"https:\/\/diarioregionaldigital.com.br\/index.php?rest_route=%2Fwp%2Fv2%2Fcategories&post=135995"},{"taxonomy":"post_tag","embeddable":true,"href":"https:\/\/diarioregionaldigital.com.br\/index.php?rest_route=%2Fwp%2Fv2%2Ftags&post=135995"}],"curies":[{"name":"wp","href":"https:\/\/api.w.org\/{rel}","templated":true}]}}