{"id":135992,"date":"2019-03-15T15:58:42","date_gmt":"2019-03-15T18:58:42","guid":{"rendered":"https:\/\/diarioregionaldigital.com.br\/?p=135992"},"modified":"2019-03-15T16:01:24","modified_gmt":"2019-03-15T19:01:24","slug":"corte-de-pessoal-gera-economia-de-r-200-milhoes-afirma-presidente","status":"publish","type":"post","link":"https:\/\/diarioregionaldigital.com.br\/?p=135992","title":{"rendered":"Corte de pessoal gera economia de R$ 200 milh\u00f5es, afirma presidente"},"content":{"rendered":"<p>O presidente Jair Bolsonaro defendeu nesta quarta-feira, 14, o\u00a0decreto\u00a0que extinguiu 21 mil cargos em comiss\u00e3o e fun\u00e7\u00f5es de confian\u00e7a, al\u00e9m da limita\u00e7\u00e3o no pagamento de gratifica\u00e7\u00f5es a servidores p\u00fablicos. Em transmiss\u00e3o ao vivo nas redes sociais, ao lado dos ministros Ernesto Ara\u00fajo (Rela\u00e7\u00f5es Exteriores) e Luiz Henrique Mandetta (Sa\u00fade), ele lembrou que a medida vai gerar uma economia anual de cerca de R$ 200 milh\u00f5es.<\/p>\n<p>&#8220;Isso era um compromisso nosso por ocasi\u00e3o de campanha e acredito at\u00e9 que a gente possa avan\u00e7ar um pouco mais nessa quest\u00e3o, mostrando que d\u00e1 para fazer economia sim&#8221;, afirmou o presidente durante a<em>\u00a0live\u00a0<\/em>no Facebook, que durou 15 minutos.<\/p>\n<p>A pr\u00e1tica de se dirigir diretamente ao p\u00fablico pelas redes sociais ser\u00e1 mantida toda quinta-feira, por volta das 19h, segundo Bolsonaro, como forma de apresentar um balan\u00e7o do governo. Ele confirmou que a pr\u00f3xima\u00a0<em>live\u00a0<\/em>(transmiss\u00e3o ao vivo pelas redes sociais) ser\u00e1 dia 21, quando ter\u00e1 retornado da viagem ao Estados Unidos quando se reunir\u00e1 com o presidente norte-americano, Donald Trump.<\/p>\n<p>&nbsp;<\/p>\n<h2>Leil\u00e3o<\/h2>\n<p>Durante a transmiss\u00e3o ao vivo, o presidente mencionou o leil\u00e3o nesta sexta-feira, 15, \u00e0s 10h de 12 aeroportos atualmente administrados pela estatal Empresa Brasileira de Infraestrutura Aeroportu\u00e1ria (Infraero). &#8220;N\u00f3s estamos anunciando aqui a concess\u00e3o de 12 aeroportos, buscando realmente tirar do Estado esse peso que, infelizmente, onde o Estado brasileiro est\u00e1 dificilmente as coisas d\u00e3o certo&#8221;, disse.<\/p>\n<p>Localizados nas regi\u00f5es Nordeste, Sudeste e Centro-Oeste, os terminais, juntos, recebem 19,6 milh\u00f5es de passageiros por ano, o que equivale a 9,5% do mercado nacional de avia\u00e7\u00e3o. O investimento previsto para os tr\u00eas blocos \u00e9 de R$ 3,5 bilh\u00f5es. O presidente defendeu a redu\u00e7\u00e3o do papel do Estado na economia.<\/p>\n<h2>Cr\u00edticas<\/h2>\n<p>O presidente voltou a criticar o que chamou de &#8220;velha pol\u00edtica de negocia\u00e7\u00e3o&#8221; e destacou que o Parlamento est\u00e1 compreendendo a necessidade de indica\u00e7\u00f5es t\u00e9cnicas para o governo e que n\u00e3o tem recebido &#8220;press\u00e3o&#8221; para nomea\u00e7\u00f5es em minist\u00e9rios.<\/p>\n<p>&#8220;A certeza que n\u00f3s t\u00ednhamos era que o Brasil n\u00e3o tinha como dar certo se continuasse a fazer aquela velha pol\u00edtica de negocia\u00e7\u00e3o. (&#8230;) O Parlamento vem entendendo isso com propriedade, n\u00e3o temos press\u00e3o por minist\u00e9rios, por parte dos parlamentares, e eles, em grande parte, sabem que o caminho \u00e9 esse, escolhendo pessoas t\u00e9cnicas para que exer\u00e7am um bom trabalho para a popula\u00e7\u00e3o brasileira, para o nosso Brasil&#8221;, ressaltou.<\/p>\n<p>Fonte: Ag\u00eancia Brasil<\/p>\n","protected":false},"excerpt":{"rendered":"<p>O presidente Jair Bolsonaro defendeu nesta quarta-feira, 14, o\u00a0decreto\u00a0que extinguiu 21 mil cargos em comiss\u00e3o e fun\u00e7\u00f5es de confian\u00e7a, al\u00e9m da limita\u00e7\u00e3o no pagamento de gratifica\u00e7\u00f5es a servidores p\u00fablicos. Em transmiss\u00e3o ao vivo nas redes sociais, ao lado dos ministros Ernesto Ara\u00fajo (Rela\u00e7\u00f5es Exteriores) e Luiz Henrique Mandetta (Sa\u00fade), ele lembrou que a medida vai [&hellip;]<\/p>\n","protected":false},"author":96,"featured_media":135993,"comment_status":"closed","ping_status":"closed","sticky":false,"template":"","format":"standard","meta":{"footnotes":""},"categories":[436,261,262,439],"tags":[],"class_list":["post-135992","post","type-post","status-publish","format-standard","has-post-thumbnail","hentry","category-destaque-da-semana","category-economia","category-noticias","category-ultima-hora"],"_links":{"self":[{"href":"https:\/\/diarioregionaldigital.com.br\/index.php?rest_route=\/wp\/v2\/posts\/135992","targetHints":{"allow":["GET"]}}],"collection":[{"href":"https:\/\/diarioregionaldigital.com.br\/index.php?rest_route=\/wp\/v2\/posts"}],"about":[{"href":"https:\/\/diarioregionaldigital.com.br\/index.php?rest_route=\/wp\/v2\/types\/post"}],"author":[{"embeddable":true,"href":"https:\/\/diarioregionaldigital.com.br\/index.php?rest_route=\/wp\/v2\/users\/96"}],"replies":[{"embeddable":true,"href":"https:\/\/diarioregionaldigital.com.br\/index.php?rest_route=%2Fwp%2Fv2%2Fcomments&post=135992"}],"version-history":[{"count":0,"href":"https:\/\/diarioregionaldigital.com.br\/index.php?rest_route=\/wp\/v2\/posts\/135992\/revisions"}],"wp:featuredmedia":[{"embeddable":true,"href":"https:\/\/diarioregionaldigital.com.br\/index.php?rest_route=\/wp\/v2\/media\/135993"}],"wp:attachment":[{"href":"https:\/\/diarioregionaldigital.com.br\/index.php?rest_route=%2Fwp%2Fv2%2Fmedia&parent=135992"}],"wp:term":[{"taxonomy":"category","embeddable":true,"href":"https:\/\/diarioregionaldigital.com.br\/index.php?rest_route=%2Fwp%2Fv2%2Fcategories&post=135992"},{"taxonomy":"post_tag","embeddable":true,"href":"https:\/\/diarioregionaldigital.com.br\/index.php?rest_route=%2Fwp%2Fv2%2Ftags&post=135992"}],"curies":[{"name":"wp","href":"https:\/\/api.w.org\/{rel}","templated":true}]}}