{"id":135988,"date":"2019-03-15T15:46:17","date_gmt":"2019-03-15T18:46:17","guid":{"rendered":"https:\/\/diarioregionaldigital.com.br\/?p=135988"},"modified":"2019-03-15T15:46:17","modified_gmt":"2019-03-15T18:46:17","slug":"igp-10-registra-inflacao-de-14-em-fevereiro","status":"publish","type":"post","link":"https:\/\/diarioregionaldigital.com.br\/?p=135988","title":{"rendered":"IGP-10 registra infla\u00e7\u00e3o de 1,4% em fevereiro"},"content":{"rendered":"<p>O \u00cdndice Geral de Pre\u00e7os \u2013 10 (IGP-10) registrou taxa de 1,4% em mar\u00e7o deste ano, depois de uma infla\u00e7\u00e3o de 0,4% no m\u00eas anterior, segundo dados divulgados nesta sexta-feira, 15,\u00a0pela Funda\u00e7\u00e3o Getulio Vargas (FGV). Com o resultado<span id=\"OBJ_PREFIX_DWT280_com_zimbra_date\" role=\"link\">\u00a0de mar<\/span>\u00e7o, o indicador acumula taxas de 1,54% no ano e de 7,99% em 12 meses.<\/p>\n<p>A alta da taxa<span id=\"OBJ_PREFIX_DWT281_com_zimbra_date\" role=\"link\">\u00a0de fevereiro<\/span>\u00a0para mar\u00e7o foi provocada principalmente pelos pre\u00e7os no atacado, medidos pelo \u00cdndice de Pre\u00e7os ao Produtor Amplo, que passou de 0,4% em fevereiro para 1,93% em mar\u00e7o.<\/p>\n<p>O \u00cdndice de Pre\u00e7os ao Consumidor, que mede o varejo, cresceu de 0,38% em fevereiro para 0,48% em mar\u00e7o. Por outro lado, o \u00cdndice Nacional de Custo da Constru\u00e7\u00e3o recuou de 0,41% em fevereiro para 0,07% em mar\u00e7o.<\/p>\n<p>&nbsp;<\/p>\n<p>Fonte: Ag\u00eancia Brasil<\/p>\n","protected":false},"excerpt":{"rendered":"<p>O \u00cdndice Geral de Pre\u00e7os \u2013 10 (IGP-10) registrou taxa de 1,4% em mar\u00e7o deste ano, depois de uma infla\u00e7\u00e3o de 0,4% no m\u00eas anterior, segundo dados divulgados nesta sexta-feira, 15,\u00a0pela Funda\u00e7\u00e3o Getulio Vargas (FGV). Com o resultado\u00a0de mar\u00e7o, o indicador acumula taxas de 1,54% no ano e de 7,99% em 12 meses. A alta [&hellip;]<\/p>\n","protected":false},"author":96,"featured_media":135989,"comment_status":"closed","ping_status":"closed","sticky":false,"template":"","format":"standard","meta":{"footnotes":""},"categories":[436,261,262,439],"tags":[],"class_list":["post-135988","post","type-post","status-publish","format-standard","has-post-thumbnail","hentry","category-destaque-da-semana","category-economia","category-noticias","category-ultima-hora"],"_links":{"self":[{"href":"https:\/\/diarioregionaldigital.com.br\/index.php?rest_route=\/wp\/v2\/posts\/135988","targetHints":{"allow":["GET"]}}],"collection":[{"href":"https:\/\/diarioregionaldigital.com.br\/index.php?rest_route=\/wp\/v2\/posts"}],"about":[{"href":"https:\/\/diarioregionaldigital.com.br\/index.php?rest_route=\/wp\/v2\/types\/post"}],"author":[{"embeddable":true,"href":"https:\/\/diarioregionaldigital.com.br\/index.php?rest_route=\/wp\/v2\/users\/96"}],"replies":[{"embeddable":true,"href":"https:\/\/diarioregionaldigital.com.br\/index.php?rest_route=%2Fwp%2Fv2%2Fcomments&post=135988"}],"version-history":[{"count":0,"href":"https:\/\/diarioregionaldigital.com.br\/index.php?rest_route=\/wp\/v2\/posts\/135988\/revisions"}],"wp:featuredmedia":[{"embeddable":true,"href":"https:\/\/diarioregionaldigital.com.br\/index.php?rest_route=\/wp\/v2\/media\/135989"}],"wp:attachment":[{"href":"https:\/\/diarioregionaldigital.com.br\/index.php?rest_route=%2Fwp%2Fv2%2Fmedia&parent=135988"}],"wp:term":[{"taxonomy":"category","embeddable":true,"href":"https:\/\/diarioregionaldigital.com.br\/index.php?rest_route=%2Fwp%2Fv2%2Fcategories&post=135988"},{"taxonomy":"post_tag","embeddable":true,"href":"https:\/\/diarioregionaldigital.com.br\/index.php?rest_route=%2Fwp%2Fv2%2Ftags&post=135988"}],"curies":[{"name":"wp","href":"https:\/\/api.w.org\/{rel}","templated":true}]}}