{"id":135985,"date":"2019-03-15T15:33:51","date_gmt":"2019-03-15T18:33:51","guid":{"rendered":"https:\/\/diarioregionaldigital.com.br\/?p=135985"},"modified":"2019-03-15T15:33:51","modified_gmt":"2019-03-15T18:33:51","slug":"mp-rj-apura-deposito-de-r-100-mil-para-acusado-de-atirar-em-marielle","status":"publish","type":"post","link":"https:\/\/diarioregionaldigital.com.br\/?p=135985","title":{"rendered":"MP-RJ apura dep\u00f3sito de R$ 100 mil para acusado de atirar em Marielle"},"content":{"rendered":"<p>Um relat\u00f3rio do Conselho de Controle de Atividades Financeiras (Coaf) mostrou um dep\u00f3sito de R$ 100 mil feito na conta do policial militar reformado Ronnie Lessa, sete meses ap\u00f3s o assassinato da vereadora Marielle Franco e do motorista Anderson Gomes, em 14 de mar\u00e7o do ano passado. O Minist\u00e9rio P\u00fablico do Estado do Rio de Janeiro (MP-RJ) n\u00e3o confirmou se h\u00e1 liga\u00e7\u00e3o entre o pagamento e os assassinatos.\u00a0 O advogado de Lessa, Fernando Santanna, disse que n\u00e3o teve acesso ao relat\u00f3rio do Coaf e, por isso, n\u00e3o pode explicar a origem do dinheiro.<\/p>\n<p>\u201cFiquei sabendo atrav\u00e9s do meio televisivo. Vou me inteirar, e depois mostrar pra ele pra saber se foi de alguma venda que ele fez ou algo do g\u00eanero\u201d.<\/p>\n<p>O documento foi inclu\u00eddo pelo MP-RJ no pedido do bloqueio de bens apresentado junto \u00e0 den\u00fancia contra o acusado e contra o ex-policial militar \u00c9lcio de Queiroz, apontado como o motorista que seguiu Marielle para que Ronnie atirasse.<\/p>\n<p>Ronnie Lessa e \u00c9lcio de Queiroz foram presos na ter\u00e7a-feira, 12, acusados de terem planejado e executado a emboscada contra Marielle e Anderson, que incluiu tamb\u00e9m a tentativa de assassinato da assessora Fernanda Chavez, que estava no mesmo carro que a vereadora e sobreviveu aos disparos.<\/p>\n<p>O Minist\u00e9rio P\u00fablico e Delegacia de Homic\u00eddios da Pol\u00edcia Civil seguem com o inqu\u00e9rito para tentar desvendar poss\u00edveis mandantes e a motiva\u00e7\u00e3o do crime, que completou um ano nessa quinta-feira, 14.<\/p>\n<p>&nbsp;<\/p>\n<p>Fonte: Ag\u00eancia Brasil<\/p>\n","protected":false},"excerpt":{"rendered":"<p>Um relat\u00f3rio do Conselho de Controle de Atividades Financeiras (Coaf) mostrou um dep\u00f3sito de R$ 100 mil feito na conta do policial militar reformado Ronnie Lessa, sete meses ap\u00f3s o assassinato da vereadora Marielle Franco e do motorista Anderson Gomes, em 14 de mar\u00e7o do ano passado. O Minist\u00e9rio P\u00fablico do Estado do Rio de [&hellip;]<\/p>\n","protected":false},"author":96,"featured_media":135986,"comment_status":"closed","ping_status":"closed","sticky":false,"template":"","format":"standard","meta":{"footnotes":""},"categories":[302,436,262,439],"tags":[],"class_list":["post-135985","post","type-post","status-publish","format-standard","has-post-thumbnail","hentry","category-brasil-mundo","category-destaque-da-semana","category-noticias","category-ultima-hora"],"_links":{"self":[{"href":"https:\/\/diarioregionaldigital.com.br\/index.php?rest_route=\/wp\/v2\/posts\/135985","targetHints":{"allow":["GET"]}}],"collection":[{"href":"https:\/\/diarioregionaldigital.com.br\/index.php?rest_route=\/wp\/v2\/posts"}],"about":[{"href":"https:\/\/diarioregionaldigital.com.br\/index.php?rest_route=\/wp\/v2\/types\/post"}],"author":[{"embeddable":true,"href":"https:\/\/diarioregionaldigital.com.br\/index.php?rest_route=\/wp\/v2\/users\/96"}],"replies":[{"embeddable":true,"href":"https:\/\/diarioregionaldigital.com.br\/index.php?rest_route=%2Fwp%2Fv2%2Fcomments&post=135985"}],"version-history":[{"count":0,"href":"https:\/\/diarioregionaldigital.com.br\/index.php?rest_route=\/wp\/v2\/posts\/135985\/revisions"}],"wp:featuredmedia":[{"embeddable":true,"href":"https:\/\/diarioregionaldigital.com.br\/index.php?rest_route=\/wp\/v2\/media\/135986"}],"wp:attachment":[{"href":"https:\/\/diarioregionaldigital.com.br\/index.php?rest_route=%2Fwp%2Fv2%2Fmedia&parent=135985"}],"wp:term":[{"taxonomy":"category","embeddable":true,"href":"https:\/\/diarioregionaldigital.com.br\/index.php?rest_route=%2Fwp%2Fv2%2Fcategories&post=135985"},{"taxonomy":"post_tag","embeddable":true,"href":"https:\/\/diarioregionaldigital.com.br\/index.php?rest_route=%2Fwp%2Fv2%2Ftags&post=135985"}],"curies":[{"name":"wp","href":"https:\/\/api.w.org\/{rel}","templated":true}]}}