{"id":135983,"date":"2019-03-15T08:00:04","date_gmt":"2019-03-15T11:00:04","guid":{"rendered":"https:\/\/diarioregionaldigital.com.br\/?p=135983"},"modified":"2019-03-15T15:20:25","modified_gmt":"2019-03-15T18:20:25","slug":"ministro-do-stj-manda-soltar-13-funcionarios-da-vale-e-da-tuv-sud","status":"publish","type":"post","link":"https:\/\/diarioregionaldigital.com.br\/?p=135983","title":{"rendered":"Ministro do STJ manda soltar 13 funcion\u00e1rios da Vale e da TUV SUD"},"content":{"rendered":"<p>O ministro Nefi Cordeiro, do Superior Tribunal de Justi\u00e7a (STJ), concedeu,nessa quinta-feira, 14,\u00a0<em>habeas corpus\u00a0<\/em>para soltura de 13 funcion\u00e1rios da mineradora Vale e da empresa TUV SUD que s\u00e3o investigados pelo rompimento da barragem da Mina do C\u00f3rrego do Feij\u00e3o, em Brumadinho, ocorrida em 25 de janeiro.<\/p>\n<p>No m\u00eas passado, o ministro havia concedido liberdade a quatro dos acusados, mas a Justi\u00e7a de Minas Gerais restabeleceu a pris\u00e3o dos envolvidos nesta semana. No entendimento de Cordeiro, o caso j\u00e1 foi analisado, e foi definido que os funcion\u00e1rios das empresas n\u00e3o oferecem risco \u00e0 investiga\u00e7\u00e3o e devem ser responder aos fatos em liberdade.<\/p>\n<p>&#8220;Prende-se para genericamente investigar, ou colher depoimentos. Nada se aponta, por\u00e9m, que realizassem os nominados empregados da Vale para prejudicar a investiga\u00e7\u00e3o. Nada se revela que impedisse investigar, estando os agentes soltos&#8221;, decidiu o ministro.<\/p>\n<p>Esta \u00e9 a terceira vez que o STJ manda soltar funcion\u00e1rios da Vale indicados como respons\u00e1veis pelo rompimento da barragem em Brumadinho.<\/p>\n<h2>Apresenta\u00e7\u00e3o<\/h2>\n<p>Pelo menos 11 dos investigados chegaram a se apresentar hoje no Departamento Estadual de Investiga\u00e7\u00f5es de Crimes Contra o Meio Ambiente, em Belo Horizonte. Dois ainda eram aguardados pela Pol\u00edcia Civil de Minas Gerais.<\/p>\n<p>&nbsp;<\/p>\n<p>Fonte: Ag\u00eancia Brasil<\/p>\n","protected":false},"excerpt":{"rendered":"<p>O ministro Nefi Cordeiro, do Superior Tribunal de Justi\u00e7a (STJ), concedeu,nessa quinta-feira, 14,\u00a0habeas corpus\u00a0para soltura de 13 funcion\u00e1rios da mineradora Vale e da empresa TUV SUD que s\u00e3o investigados pelo rompimento da barragem da Mina do C\u00f3rrego do Feij\u00e3o, em Brumadinho, ocorrida em 25 de janeiro. No m\u00eas passado, o ministro havia concedido liberdade a [&hellip;]<\/p>\n","protected":false},"author":96,"featured_media":132788,"comment_status":"closed","ping_status":"closed","sticky":false,"template":"","format":"standard","meta":{"footnotes":""},"categories":[436,440,262,252,439],"tags":[],"class_list":["post-135983","post","type-post","status-publish","format-standard","has-post-thumbnail","hentry","category-destaque-da-semana","category-destaques-do-dia","category-noticias","category-regiao","category-ultima-hora"],"_links":{"self":[{"href":"https:\/\/diarioregionaldigital.com.br\/index.php?rest_route=\/wp\/v2\/posts\/135983","targetHints":{"allow":["GET"]}}],"collection":[{"href":"https:\/\/diarioregionaldigital.com.br\/index.php?rest_route=\/wp\/v2\/posts"}],"about":[{"href":"https:\/\/diarioregionaldigital.com.br\/index.php?rest_route=\/wp\/v2\/types\/post"}],"author":[{"embeddable":true,"href":"https:\/\/diarioregionaldigital.com.br\/index.php?rest_route=\/wp\/v2\/users\/96"}],"replies":[{"embeddable":true,"href":"https:\/\/diarioregionaldigital.com.br\/index.php?rest_route=%2Fwp%2Fv2%2Fcomments&post=135983"}],"version-history":[{"count":0,"href":"https:\/\/diarioregionaldigital.com.br\/index.php?rest_route=\/wp\/v2\/posts\/135983\/revisions"}],"wp:featuredmedia":[{"embeddable":true,"href":"https:\/\/diarioregionaldigital.com.br\/index.php?rest_route=\/wp\/v2\/media\/132788"}],"wp:attachment":[{"href":"https:\/\/diarioregionaldigital.com.br\/index.php?rest_route=%2Fwp%2Fv2%2Fmedia&parent=135983"}],"wp:term":[{"taxonomy":"category","embeddable":true,"href":"https:\/\/diarioregionaldigital.com.br\/index.php?rest_route=%2Fwp%2Fv2%2Fcategories&post=135983"},{"taxonomy":"post_tag","embeddable":true,"href":"https:\/\/diarioregionaldigital.com.br\/index.php?rest_route=%2Fwp%2Fv2%2Ftags&post=135983"}],"curies":[{"name":"wp","href":"https:\/\/api.w.org\/{rel}","templated":true}]}}