{"id":135970,"date":"2019-03-15T14:59:04","date_gmt":"2019-03-15T17:59:04","guid":{"rendered":"https:\/\/diarioregionaldigital.com.br\/?p=135970"},"modified":"2019-03-15T14:59:04","modified_gmt":"2019-03-15T17:59:04","slug":"enem-tera-rascunho-com-linhas-para-a-redacao","status":"publish","type":"post","link":"https:\/\/diarioregionaldigital.com.br\/?p=135970","title":{"rendered":"Enem ter\u00e1 rascunho com linhas para a reda\u00e7\u00e3o"},"content":{"rendered":"<p>O Instituto Nacional de Estudos e Pesquisas Educacionais An\u00edsio Teixeira (Inep) garantiu nesta sexta-feira, 15 que o rascunho da reda\u00e7\u00e3o do Exame Nacional do Ensino M\u00e9dio (Enem)\u00a0ter\u00e1 linhas, como de costume, e que haver\u00e1 espa\u00e7o suficiente na prova para os c\u00e1lculos matem\u00e1ticos.<\/p>\n<p>Essas quest\u00f5es causaram preocupa\u00e7\u00e3o em estudantes desde que o Inep anunciou medidas para economizar papel na impress\u00e3o do exame. No \u00faltimo dia 11, o Inep anunciou que a prova ter\u00e1 uma nova diagrama\u00e7\u00e3o e que a medida eliminar\u00e1 a necessidade de impress\u00e3o das folhas de rascunho personalizadas.<\/p>\n<p>Estudantes reagiram \u00e0 mudan\u00e7a nas redes sociais e defenderam a manuten\u00e7\u00e3o das linhas no rascunho da reda\u00e7\u00e3o. &#8220;Enem sem pauta no rascunho de reda\u00e7\u00e3o n\u00e3o d\u00e1, n\u00e3o temos no\u00e7\u00e3o do tamanho do texto e s\u00f3 temos uma chance na folha definitiva. Essa remo\u00e7\u00e3o afeta, gravemente, nosso desempenho e, com isso, todo um ano de estudo e dedica\u00e7\u00e3o&#8221;, disse um internauta pelo Twitter.<\/p>\n<p>Nesta\u00a0sexta-feira, o Inep tranquilizou os estudantes que prestar\u00e3o o exame: &#8220;N\u00e3o h\u00e1 motivos para preocupa\u00e7\u00f5es. O rascunho da reda\u00e7\u00e3o, como j\u00e1 de costume,\u00a0ter\u00e1 linhas. Ele ficar\u00e1 ao final do Caderno de Quest\u00f5es entregue no primeiro dia de prova.&#8221;<\/p>\n<p>A autarquia acrescentou que uma das novidades sobre o Enem 2019 est\u00e1 no segundo dia do exame, em que n\u00e3o haver\u00e1 mais uma folha de rascunho avulsa para c\u00e1lculos matem\u00e1ticos. &#8220;Esse espa\u00e7o, entretanto, estar\u00e1 dispon\u00edvel na \u00faltima p\u00e1gina do caderno de quest\u00f5es&#8221;, garantiu.<\/p>\n<h2>Economia<\/h2>\n<p>Al\u00e9m da mudan\u00e7a na diagrama\u00e7\u00e3o, o Inep anunciou outras mudan\u00e7as no Enem. Os dados biom\u00e9tricos dos estudantes passar\u00e3o a ser coletados com uma pequena esponja que permite a coleta da digital e pode ser utilizada mais de 3 mil vezes. At\u00e9 o ano passado, a coleta da digital era feita com uma l\u00e2mina de grafite, individual.<\/p>\n<p>A capacita\u00e7\u00e3o dos colaboradores envolvidos na aplica\u00e7\u00e3o do Enem ser\u00e1 feita principalmente a dist\u00e2ncia. Com isso, ser\u00e1 reduzida\u00a0a capacita\u00e7\u00e3o presencial.<\/p>\n<p>As medidas fazem parte do Programa de Redu\u00e7\u00e3o de Custos e Otimiza\u00e7\u00e3o dos Recursos Log\u00edsticos, um dos seis pilares do Programa de Moderniza\u00e7\u00e3o do Inep. Ao todo, o instituto estima uma economia de R$ 42 milh\u00f5es nos exames e avalia\u00e7\u00f5es de 2019 que est\u00e3o a cargo da autarquia.<\/p>\n<p>O Inep \u00e9 respons\u00e1vel tamb\u00e9m por avalia\u00e7\u00f5es como a Prova Brasil, o Exame Nacional para Certifica\u00e7\u00e3o de Compet\u00eancias de Jovens e Adultos (Encceja) e o Exame Nacional de Desempenho dos Estudantes (Enade).<\/p>\n<h2>Enem<\/h2>\n<p>Neste ano, o Enem ser\u00e1 aplicado nos dias 3 e\u00a010 de novembro. As inscri\u00e7\u00f5es estar\u00e3o abertas de 6 a\u00a017 de maio. Entre 1\u00ba e\u00a010 de abril\u00a0os estudantes poder\u00e3o pedir isen\u00e7\u00e3o da taxa de inscri\u00e7\u00e3o. Nesse mesmo per\u00edodo, o Inep vai receber as justificativas dos que faltaram \u00e0s provas em 2018.<\/p>\n<p>&nbsp;<\/p>\n<p>Fonte: Ag\u00eancia Brasil<\/p>\n","protected":false},"excerpt":{"rendered":"<p>O Instituto Nacional de Estudos e Pesquisas Educacionais An\u00edsio Teixeira (Inep) garantiu nesta sexta-feira, 15 que o rascunho da reda\u00e7\u00e3o do Exame Nacional do Ensino M\u00e9dio (Enem)\u00a0ter\u00e1 linhas, como de costume, e que haver\u00e1 espa\u00e7o suficiente na prova para os c\u00e1lculos matem\u00e1ticos. Essas quest\u00f5es causaram preocupa\u00e7\u00e3o em estudantes desde que o Inep anunciou medidas para [&hellip;]<\/p>\n","protected":false},"author":96,"featured_media":135971,"comment_status":"closed","ping_status":"closed","sticky":false,"template":"","format":"standard","meta":{"footnotes":""},"categories":[302,436,262,439],"tags":[],"class_list":["post-135970","post","type-post","status-publish","format-standard","has-post-thumbnail","hentry","category-brasil-mundo","category-destaque-da-semana","category-noticias","category-ultima-hora"],"_links":{"self":[{"href":"https:\/\/diarioregionaldigital.com.br\/index.php?rest_route=\/wp\/v2\/posts\/135970","targetHints":{"allow":["GET"]}}],"collection":[{"href":"https:\/\/diarioregionaldigital.com.br\/index.php?rest_route=\/wp\/v2\/posts"}],"about":[{"href":"https:\/\/diarioregionaldigital.com.br\/index.php?rest_route=\/wp\/v2\/types\/post"}],"author":[{"embeddable":true,"href":"https:\/\/diarioregionaldigital.com.br\/index.php?rest_route=\/wp\/v2\/users\/96"}],"replies":[{"embeddable":true,"href":"https:\/\/diarioregionaldigital.com.br\/index.php?rest_route=%2Fwp%2Fv2%2Fcomments&post=135970"}],"version-history":[{"count":0,"href":"https:\/\/diarioregionaldigital.com.br\/index.php?rest_route=\/wp\/v2\/posts\/135970\/revisions"}],"wp:featuredmedia":[{"embeddable":true,"href":"https:\/\/diarioregionaldigital.com.br\/index.php?rest_route=\/wp\/v2\/media\/135971"}],"wp:attachment":[{"href":"https:\/\/diarioregionaldigital.com.br\/index.php?rest_route=%2Fwp%2Fv2%2Fmedia&parent=135970"}],"wp:term":[{"taxonomy":"category","embeddable":true,"href":"https:\/\/diarioregionaldigital.com.br\/index.php?rest_route=%2Fwp%2Fv2%2Fcategories&post=135970"},{"taxonomy":"post_tag","embeddable":true,"href":"https:\/\/diarioregionaldigital.com.br\/index.php?rest_route=%2Fwp%2Fv2%2Ftags&post=135970"}],"curies":[{"name":"wp","href":"https:\/\/api.w.org\/{rel}","templated":true}]}}