{"id":135955,"date":"2019-03-15T06:00:57","date_gmt":"2019-03-15T09:00:57","guid":{"rendered":"https:\/\/diarioregionaldigital.com.br\/?p=135955"},"modified":"2019-03-15T02:46:20","modified_gmt":"2019-03-15T05:46:20","slug":"prefeitura-municipal-de-tocantins-licitacao-no-010-15-03-19","status":"publish","type":"post","link":"https:\/\/diarioregionaldigital.com.br\/?p=135955","title":{"rendered":"Prefeitura Municipal de Tocantins &#8211; Licita\u00e7\u00e3o n\u00ba 010 &#8211; 15-03-19"},"content":{"rendered":"<p style=\"text-align: center;\"><strong>PREFEITURA MUNICIPAL DE TOCANTINS<\/strong><\/p>\n<p style=\"text-align: center;\"><strong>AVISO DE CANCELAMENTO\u00a0<\/strong><strong>DE LICITA\u00c7\u00c3O N\u00ba 010\/2019<\/strong><\/p>\n<p style=\"text-align: center;\"><strong>Modalidade de Preg\u00e3o n\u00b0 009\/2019<\/strong><\/p>\n<p style=\"text-align: center;\">O Munic\u00edpio de TOCANTINS, na forma da lei, faz saber a todos os interessados que <strong>CANCELOU<\/strong>\u00a0<strong>A SESS\u00c3O P\u00daBLICA,\u00a0<\/strong>Processo licitat\u00f3rio N\u00ba10, preg\u00e3o presencial N\u00ba09 designado para o dia 14 de mar\u00e7o de 2019 \u00e0s 08:30 horas cujo\u00a0o objeto principal \u00e9 o fornecimento de INTERNET PARA SECRETARIA DA SA\u00daDE. TOCANTINS \u2013 MG, 14 de mar\u00e7o de 2019.<\/p>\n<p style=\"text-align: center;\"><strong>LUIZ FERNANDO BARBOSA DA SILVA<\/strong><\/p>\n<p style=\"text-align: center;\"><strong>MEMBRO DA COMISS\u00c3O DE LICITA\u00c7\u00c3O<\/strong><\/p>\n","protected":false},"excerpt":{"rendered":"<p>PREFEITURA MUNICIPAL DE TOCANTINS AVISO DE CANCELAMENTO\u00a0DE LICITA\u00c7\u00c3O N\u00ba 010\/2019 Modalidade de Preg\u00e3o n\u00b0 009\/2019 O Munic\u00edpio de TOCANTINS, na forma da lei, faz saber a todos os interessados que CANCELOU\u00a0A SESS\u00c3O P\u00daBLICA,\u00a0Processo licitat\u00f3rio N\u00ba10, preg\u00e3o presencial N\u00ba09 designado para o dia 14 de mar\u00e7o de 2019 \u00e0s 08:30 horas cujo\u00a0o objeto principal \u00e9 o [&hellip;]<\/p>\n","protected":false},"author":96,"featured_media":0,"comment_status":"closed","ping_status":"closed","sticky":false,"template":"","format":"standard","meta":{"footnotes":""},"categories":[307],"tags":[],"class_list":["post-135955","post","type-post","status-publish","format-standard","hentry","category-editais"],"_links":{"self":[{"href":"https:\/\/diarioregionaldigital.com.br\/index.php?rest_route=\/wp\/v2\/posts\/135955","targetHints":{"allow":["GET"]}}],"collection":[{"href":"https:\/\/diarioregionaldigital.com.br\/index.php?rest_route=\/wp\/v2\/posts"}],"about":[{"href":"https:\/\/diarioregionaldigital.com.br\/index.php?rest_route=\/wp\/v2\/types\/post"}],"author":[{"embeddable":true,"href":"https:\/\/diarioregionaldigital.com.br\/index.php?rest_route=\/wp\/v2\/users\/96"}],"replies":[{"embeddable":true,"href":"https:\/\/diarioregionaldigital.com.br\/index.php?rest_route=%2Fwp%2Fv2%2Fcomments&post=135955"}],"version-history":[{"count":0,"href":"https:\/\/diarioregionaldigital.com.br\/index.php?rest_route=\/wp\/v2\/posts\/135955\/revisions"}],"wp:attachment":[{"href":"https:\/\/diarioregionaldigital.com.br\/index.php?rest_route=%2Fwp%2Fv2%2Fmedia&parent=135955"}],"wp:term":[{"taxonomy":"category","embeddable":true,"href":"https:\/\/diarioregionaldigital.com.br\/index.php?rest_route=%2Fwp%2Fv2%2Fcategories&post=135955"},{"taxonomy":"post_tag","embeddable":true,"href":"https:\/\/diarioregionaldigital.com.br\/index.php?rest_route=%2Fwp%2Fv2%2Ftags&post=135955"}],"curies":[{"name":"wp","href":"https:\/\/api.w.org\/{rel}","templated":true}]}}