{"id":135910,"date":"2019-03-17T05:58:14","date_gmt":"2019-03-17T08:58:14","guid":{"rendered":"https:\/\/diarioregionaldigital.com.br\/?p=135910"},"modified":"2019-03-18T15:55:14","modified_gmt":"2019-03-18T18:55:14","slug":"bem-comum-lanca-campanha-de-arrecadacao-de-leite-para-a-sociedade-mao-amiga","status":"publish","type":"post","link":"https:\/\/diarioregionaldigital.com.br\/?p=135910","title":{"rendered":"\u201cBem Comum\u201d lan\u00e7a campanha de arrecada\u00e7\u00e3o de leite para a Sociedade \u201cM\u00e3o Amiga\u201d"},"content":{"rendered":"<p>O \u201cBem Comum\u201d, projeto da Secretaria de Comunica\u00e7\u00e3o Social (SCS) da Prefeitura de Juiz de Fora (PJF), est\u00e1 arrecadando leite para ajudar a Sociedade Beneficente \u201cM\u00e3o Amiga\u201d, como contribui\u00e7\u00e3o para sua demanda mensal. A institui\u00e7\u00e3o atende mais de 240 fam\u00edlias em vulnerabilidade social. A campanha, que vai at\u00e9 o dia 21, surgiu a partir da presen\u00e7a do \u201cBem Comum Bairros\u201d na regi\u00e3o sul da cidade, em sua primeira edi\u00e7\u00e3o do ano.<\/p>\n<p>A presidente e fundadora da \u201cM\u00e3o Amiga\u201d, Cida Silva, explicou que s\u00e3o distribu\u00eddos semanalmente 150 litros de leite \u00e0s fam\u00edlias atendidas pela institui\u00e7\u00e3o. Entretanto, nos \u00faltimos meses a demanda n\u00e3o vem sendo suprida: \u201cEssa campanha \u00e9 muito importante para n\u00f3s, pois h\u00e1 algum tempo n\u00e3o estamos repassando leite para as fam\u00edlias, porque n\u00e3o recebemos doa\u00e7\u00f5es. Com ela poderemos normalizar a distribui\u00e7\u00e3o e contribuir para a alimenta\u00e7\u00e3o dos assistidos\u201d.<\/p>\n<p><strong>Pontos de coleta:<\/strong><\/p>\n<p>&#8211; Secretaria de Educa\u00e7\u00e3o: Av. Get\u00falio Vargas, 200 \u2013 Centro<\/p>\n<p>&#8211; Ag\u00eancia de Prote\u00e7\u00e3o e Defesa do Consumidor (Procon): Avenida Presidente Itamar Franco, 992 \u2013 Centro<\/p>\n<p>&#8211; Pr\u00e9dio-sede da PJF: Av. Brasil, 2.001 \u2013 Centro<\/p>\n<p>&#8211; Secretaria de Transporte e Tr\u00e2nsito (Settra): Rua Maria Perp\u00e9tua, 72 \u2013 Bairro Ladeira<\/p>\n<p>Fonte: Assessoria<\/p>\n","protected":false},"excerpt":{"rendered":"<p>O \u201cBem Comum\u201d, projeto da Secretaria de Comunica\u00e7\u00e3o Social (SCS) da Prefeitura de Juiz de Fora (PJF), est\u00e1 arrecadando leite para ajudar a Sociedade Beneficente \u201cM\u00e3o Amiga\u201d, como contribui\u00e7\u00e3o para sua demanda mensal. A institui\u00e7\u00e3o atende mais de 240 fam\u00edlias em vulnerabilidade social. A campanha, que vai at\u00e9 o dia 21, surgiu a partir da [&hellip;]<\/p>\n","protected":false},"author":96,"featured_media":135913,"comment_status":"closed","ping_status":"closed","sticky":false,"template":"","format":"standard","meta":{"footnotes":""},"categories":[253,436,440,439],"tags":[],"class_list":["post-135910","post","type-post","status-publish","format-standard","has-post-thumbnail","hentry","category-cidade","category-destaque-da-semana","category-destaques-do-dia","category-ultima-hora"],"_links":{"self":[{"href":"https:\/\/diarioregionaldigital.com.br\/index.php?rest_route=\/wp\/v2\/posts\/135910","targetHints":{"allow":["GET"]}}],"collection":[{"href":"https:\/\/diarioregionaldigital.com.br\/index.php?rest_route=\/wp\/v2\/posts"}],"about":[{"href":"https:\/\/diarioregionaldigital.com.br\/index.php?rest_route=\/wp\/v2\/types\/post"}],"author":[{"embeddable":true,"href":"https:\/\/diarioregionaldigital.com.br\/index.php?rest_route=\/wp\/v2\/users\/96"}],"replies":[{"embeddable":true,"href":"https:\/\/diarioregionaldigital.com.br\/index.php?rest_route=%2Fwp%2Fv2%2Fcomments&post=135910"}],"version-history":[{"count":0,"href":"https:\/\/diarioregionaldigital.com.br\/index.php?rest_route=\/wp\/v2\/posts\/135910\/revisions"}],"wp:featuredmedia":[{"embeddable":true,"href":"https:\/\/diarioregionaldigital.com.br\/index.php?rest_route=\/wp\/v2\/media\/135913"}],"wp:attachment":[{"href":"https:\/\/diarioregionaldigital.com.br\/index.php?rest_route=%2Fwp%2Fv2%2Fmedia&parent=135910"}],"wp:term":[{"taxonomy":"category","embeddable":true,"href":"https:\/\/diarioregionaldigital.com.br\/index.php?rest_route=%2Fwp%2Fv2%2Fcategories&post=135910"},{"taxonomy":"post_tag","embeddable":true,"href":"https:\/\/diarioregionaldigital.com.br\/index.php?rest_route=%2Fwp%2Fv2%2Ftags&post=135910"}],"curies":[{"name":"wp","href":"https:\/\/api.w.org\/{rel}","templated":true}]}}