{"id":135907,"date":"2019-03-17T06:00:21","date_gmt":"2019-03-17T09:00:21","guid":{"rendered":"https:\/\/diarioregionaldigital.com.br\/?p=135907"},"modified":"2019-03-14T19:09:12","modified_gmt":"2019-03-14T22:09:12","slug":"de-moraes-acervo-do-autor-de-oh-minas-gerais-sera-exposto-na-biblioteca-municipal","status":"publish","type":"post","link":"https:\/\/diarioregionaldigital.com.br\/?p=135907","title":{"rendered":"De Moraes: acervo do autor de \u201cOh! Minas Gerais\u201d ser\u00e1 exposto na Biblioteca Municipal"},"content":{"rendered":"<p>Autor da valsa \u201cOh! Minas Gerais\u201d, considerada o hino popular do Estado e recentemente registrada como bem imaterial de Juiz de Fora, o cantor e compositor De Moraes (Jos\u00e9 Duduca de Moraes) ser\u00e1 homenageado em mostra que leva seu nome art\u00edstico e ficar\u00e1 em cartaz no sagu\u00e3o da Biblioteca Municipal \u201cMurilo Mendes\u201d de 18 a 22 de mar\u00e7o.<\/p>\n<p>Durante uma semana, o p\u00fablico poder\u00e1 conferir pe\u00e7as que contam um pouco da hist\u00f3ria pessoal e da trajet\u00f3ria do artista, nascido em 19 de mar\u00e7o de 1912, na cidade de Santa Maria do Itabira (MG), que escolheu Juiz de Fora para viver e aqui permaneceu at\u00e9 sua morte, em 25 de novembro de 2002. Se estivesse vivo, ele completaria 107 anos na pr\u00f3xima ter\u00e7a-feira.<\/p>\n<p>A mostra \u201cDe Moraes\u201d vai reunir 20 fotografias, discos, partituras, a viola usada pelo m\u00fasico, a Medalha Engenheiro Henrique Halfeld (comenda concedida pela Prefeitura de Juiz de Fora) e a placa referente ao lan\u00e7amento do CD \u201cDe Moraes\u201d, que ele recebeu no Pal\u00e1cio da Liberdade, em Belo Horizonte, durante a gest\u00e3o do governador Itamar Franco. Tamb\u00e9m ser\u00e3o expostos o \u00e1lbum de figurinhas \u201cFiguras do R\u00e1dio\u201d, um livro de r\u00e1dio para t\u00e9cnicos e radioamadores (De Moraes era t\u00e9cnico em eletr\u00f4nica), a carteira do Sindicato dos Compositores Musicais (RJ), a carteira da Uni\u00e3o Brasileira de Compositores, al\u00e9m da Carteira Profissional.<\/p>\n<p>Todas as pe\u00e7as integram o acervo doado \u00e0 Funalfa pela vi\u00fava do m\u00fasico, Norberta Nobre de Moraes, em maio de 2010. \u201cA proposta \u00e9 promover a mem\u00f3ria do De Moraes e divulgar a import\u00e2ncia desse acervo,\u201d afirma Nilo Araujo, respons\u00e1vel pela curadoria da mostra, ao lado de Eduardo Faria, ambos funcion\u00e1rios da Divis\u00e3o de Mem\u00f3ria da Funalfa. A visita\u00e7\u00e3o ser\u00e1 gratuita, de segunda a sexta-feira, das 8 \u00e0s 18 horas, e a Biblioteca Municipal funciona na Avenida Get\u00falio Vargas 200 \u2013 Centro.<\/p>\n<p><strong>O artista<\/strong><\/p>\n<p>De Moraes iniciou sua carreira em Belo Horizonte, onde, em 1935, passou a cantar na R\u00e1dio Mineira PRC-7. No in\u00edcio dos anos 1940, tornou-se um dos apresentadores de destaque da R\u00e1dio Tamoio, no Rio de Janeiro. Durante seis anos, fez parte do cast da emissora, atuando no quadro \u201cRancho dos Violeiros\u201d, do programa \u201cHora Sertaneja\u201d. Suas primeiras grava\u00e7\u00f5es datam de 1940: a marcha \u201cModa da cidade\u201d e a rancheira \u201cArrasta o p\u00e9, meu bem\u201d, as duas de autoria de Anten\u00f3genes Silva, que o acompanhava ao acordeom.<\/p>\n<p>No ano seguinte, novamente acompanhado por Anten\u00f3genes ao acordeom, e, desta vez, cantando com Nair Rodrigues, De Moraes gravou \u201cPartida cruel\u201d e \u201cPassa pro lado de c\u00e1\u201d, composi\u00e7\u00f5es assinadas por ele, em parceria com Anten\u00f3genes. Ainda em 1941, conheceu seu primeiro sucesso, ao gravar, com Nair Rodrigues, \u201cAdeus porteira velha\u201d.<\/p>\n<p>A principal cria\u00e7\u00e3o do De Moraes foi \u201cOh! Minas Gerais\u201d, em parceria com Manuel Pereira de Ara\u00fajo, inspirada na melodia da valsa \u201cViene Sul Mar\u201d. A composi\u00e7\u00e3o de grande sucesso popular pode tornar-se oficialmente o hino de Minas Gerais, como prev\u00ea um projeto em tramita\u00e7\u00e3o na Assembleia Legislativa (ALMG). At\u00e9 o momento, o estado n\u00e3o tem um hino oficial.<\/p>\n<p>Fonte: Asssessoria<\/p>\n","protected":false},"excerpt":{"rendered":"<p>Autor da valsa \u201cOh! Minas Gerais\u201d, considerada o hino popular do Estado e recentemente registrada como bem imaterial de Juiz de Fora, o cantor e compositor De Moraes (Jos\u00e9 Duduca de Moraes) ser\u00e1 homenageado em mostra que leva seu nome art\u00edstico e ficar\u00e1 em cartaz no sagu\u00e3o da Biblioteca Municipal \u201cMurilo Mendes\u201d de 18 a [&hellip;]<\/p>\n","protected":false},"author":96,"featured_media":135908,"comment_status":"closed","ping_status":"closed","sticky":false,"template":"","format":"standard","meta":{"footnotes":""},"categories":[253,436,440,439],"tags":[],"class_list":["post-135907","post","type-post","status-publish","format-standard","has-post-thumbnail","hentry","category-cidade","category-destaque-da-semana","category-destaques-do-dia","category-ultima-hora"],"_links":{"self":[{"href":"https:\/\/diarioregionaldigital.com.br\/index.php?rest_route=\/wp\/v2\/posts\/135907","targetHints":{"allow":["GET"]}}],"collection":[{"href":"https:\/\/diarioregionaldigital.com.br\/index.php?rest_route=\/wp\/v2\/posts"}],"about":[{"href":"https:\/\/diarioregionaldigital.com.br\/index.php?rest_route=\/wp\/v2\/types\/post"}],"author":[{"embeddable":true,"href":"https:\/\/diarioregionaldigital.com.br\/index.php?rest_route=\/wp\/v2\/users\/96"}],"replies":[{"embeddable":true,"href":"https:\/\/diarioregionaldigital.com.br\/index.php?rest_route=%2Fwp%2Fv2%2Fcomments&post=135907"}],"version-history":[{"count":0,"href":"https:\/\/diarioregionaldigital.com.br\/index.php?rest_route=\/wp\/v2\/posts\/135907\/revisions"}],"wp:featuredmedia":[{"embeddable":true,"href":"https:\/\/diarioregionaldigital.com.br\/index.php?rest_route=\/wp\/v2\/media\/135908"}],"wp:attachment":[{"href":"https:\/\/diarioregionaldigital.com.br\/index.php?rest_route=%2Fwp%2Fv2%2Fmedia&parent=135907"}],"wp:term":[{"taxonomy":"category","embeddable":true,"href":"https:\/\/diarioregionaldigital.com.br\/index.php?rest_route=%2Fwp%2Fv2%2Fcategories&post=135907"},{"taxonomy":"post_tag","embeddable":true,"href":"https:\/\/diarioregionaldigital.com.br\/index.php?rest_route=%2Fwp%2Fv2%2Ftags&post=135907"}],"curies":[{"name":"wp","href":"https:\/\/api.w.org\/{rel}","templated":true}]}}