{"id":135903,"date":"2019-03-17T06:00:55","date_gmt":"2019-03-17T09:00:55","guid":{"rendered":"https:\/\/diarioregionaldigital.com.br\/?p=135903"},"modified":"2019-03-14T19:07:16","modified_gmt":"2019-03-14T22:07:16","slug":"programa-fora-de-casa-oferece-suporte-a-estudantes-de-outras-cidades","status":"publish","type":"post","link":"https:\/\/diarioregionaldigital.com.br\/?p=135903","title":{"rendered":"Programa Fora de Casa oferece suporte a estudantes de outras cidades"},"content":{"rendered":"<p>Deixar a casa dos pais, se aventurar em outra cidade \u2013 \u00e0s vezes em outro estado \u2013 para cursar a faculdade \u00e9 sempre um desafio. E \u00e9 justamente para expandir, reunir e discutir as quest\u00f5es dos estudantes que deixaram suas cidades especialmente para ingressar na Universidade Federal de Juiz de Fora (UFJF) que existe o Programa Fora de Casa. A iniciativa, desenvolvida pela Pr\u00f3-reitoria de Assist\u00eancia Estudantil (Proae), engloba o projeto Roda Viva, o grupo Fora de Casa e o Semin\u00e1rio de Integra\u00e7\u00e3o, que teve sua primeira edi\u00e7\u00e3o realizada em maio de 2017.<\/p>\n<p><strong>Roda-Viva<\/strong><\/p>\n<p>O projeto Roda-Viva \u00e9 um programa de acolhimento e intera\u00e7\u00e3o entre os estudantes de gradua\u00e7\u00e3o da UFJF que t\u00eam como objetivo oferecer um espa\u00e7o que possibilite desenvolver melhores condi\u00e7\u00f5es de adapta\u00e7\u00e3o do estudante ao universo acad\u00eamico, a partir da cria\u00e7\u00e3o de novas redes de apoio.<\/p>\n<p>Atrav\u00e9s da iniciativa, o estudante rec\u00e9m-chegado na Institui\u00e7\u00e3o \u00e9 recebido e acolhido por outro aluno\/acolhedor. Uma vez acolhido, no pr\u00f3ximo semestre, este mesmo estudante poder\u00e1 se tornar acolhedor dos que est\u00e3o ingressando, ou seja, tornar-se ativo no processo de acolher e incluir o rec\u00e9m-chegado no \u00e2mbito acad\u00eamico e da cidade.<\/p>\n<p>Para ser acolhedor, o estudante dever\u00e1 acessar a p\u00e1gina da Proae e preencher o formul\u00e1rio on-line. Ap\u00f3s a inscri\u00e7\u00e3o, o aluno dever\u00e1 aguardar um e-mail de confirma\u00e7\u00e3o de sua inser\u00e7\u00e3o no Programa. Os nomes e os e-mails dos acolhedores ficar\u00e3o dispon\u00edveis na p\u00e1gina da Pr\u00f3-reitoria na Internet.<\/p>\n<p>Para ser acolhido, basta que o estudante entre em contato com o acolhedor diretamente, atrav\u00e9s de e-mail. Outras informa\u00e7\u00f5es podem ser obtidas na\u00a0p\u00e1gina do Roda-Viva.<\/p>\n<p><strong>Grupo Fora de Casa<\/strong><\/p>\n<p>O grupo Fora de Casa \u00e9 um espa\u00e7o voltado aos estudantes que v\u00eam de outras cidades e\/ou estados para estudar na UFJF. \u201cPor entendermos que o estudante \u201cfora de casa\u201d pode estar mais vulner\u00e1vel a diversos aspectos naturais a esta mudan\u00e7a de vida, criamos este grupo para acolher e promover uma integra\u00e7\u00e3o do discente nesta transi\u00e7\u00e3o\u201d, explica a psic\u00f3loga da Proae, Camila Rocha.<\/p>\n<p>Os temas e as intera\u00e7\u00f5es desenvolvidas no grupo auxiliam como suporte aos estudantes \u00e0 nova vida, contando com tem\u00e1ticas pertinentes \u00e0 vida emocional, \u00e0 administra\u00e7\u00e3o financeira, aos aspectos pedag\u00f3gicos e ao papel social do estudante do ensino p\u00fablico superior. \u201cVamos vivenciar este processo juntos, com mais leveza, trocas e atividades descontra\u00eddas.\u201d<\/p>\n<p>Ser\u00e3o promovidos sete encontros, desenvolvidos das 9h \u00e0s 11h, entre os dias 27 de mar\u00e7o \u00a0e 15 de maio, na sala 1107 da Faculdade de Letras. A inscri\u00e7\u00e3o pode ser realizada at\u00e9 26 de mar\u00e7o, pelo\u00a0formul\u00e1rio presente na p\u00e1gina da Proae.\u00a0A Pr\u00f3-reitoria ir\u00e1 emitir certificados de participa\u00e7\u00e3o de 14 horas para os estudantes que comparecerem a 75% dos encontros.<\/p>\n<p>Fonte: Assessoria<\/p>\n","protected":false},"excerpt":{"rendered":"<p>Deixar a casa dos pais, se aventurar em outra cidade \u2013 \u00e0s vezes em outro estado \u2013 para cursar a faculdade \u00e9 sempre um desafio. E \u00e9 justamente para expandir, reunir e discutir as quest\u00f5es dos estudantes que deixaram suas cidades especialmente para ingressar na Universidade Federal de Juiz de Fora (UFJF) que existe o [&hellip;]<\/p>\n","protected":false},"author":96,"featured_media":135905,"comment_status":"closed","ping_status":"closed","sticky":false,"template":"","format":"standard","meta":{"footnotes":""},"categories":[253,436,440,439],"tags":[],"class_list":["post-135903","post","type-post","status-publish","format-standard","has-post-thumbnail","hentry","category-cidade","category-destaque-da-semana","category-destaques-do-dia","category-ultima-hora"],"_links":{"self":[{"href":"https:\/\/diarioregionaldigital.com.br\/index.php?rest_route=\/wp\/v2\/posts\/135903","targetHints":{"allow":["GET"]}}],"collection":[{"href":"https:\/\/diarioregionaldigital.com.br\/index.php?rest_route=\/wp\/v2\/posts"}],"about":[{"href":"https:\/\/diarioregionaldigital.com.br\/index.php?rest_route=\/wp\/v2\/types\/post"}],"author":[{"embeddable":true,"href":"https:\/\/diarioregionaldigital.com.br\/index.php?rest_route=\/wp\/v2\/users\/96"}],"replies":[{"embeddable":true,"href":"https:\/\/diarioregionaldigital.com.br\/index.php?rest_route=%2Fwp%2Fv2%2Fcomments&post=135903"}],"version-history":[{"count":0,"href":"https:\/\/diarioregionaldigital.com.br\/index.php?rest_route=\/wp\/v2\/posts\/135903\/revisions"}],"wp:featuredmedia":[{"embeddable":true,"href":"https:\/\/diarioregionaldigital.com.br\/index.php?rest_route=\/wp\/v2\/media\/135905"}],"wp:attachment":[{"href":"https:\/\/diarioregionaldigital.com.br\/index.php?rest_route=%2Fwp%2Fv2%2Fmedia&parent=135903"}],"wp:term":[{"taxonomy":"category","embeddable":true,"href":"https:\/\/diarioregionaldigital.com.br\/index.php?rest_route=%2Fwp%2Fv2%2Fcategories&post=135903"},{"taxonomy":"post_tag","embeddable":true,"href":"https:\/\/diarioregionaldigital.com.br\/index.php?rest_route=%2Fwp%2Fv2%2Ftags&post=135903"}],"curies":[{"name":"wp","href":"https:\/\/api.w.org\/{rel}","templated":true}]}}