{"id":135738,"date":"2019-03-13T13:48:45","date_gmt":"2019-03-13T16:48:45","guid":{"rendered":"https:\/\/diarioregionaldigital.com.br\/?p=135738"},"modified":"2019-03-13T13:48:45","modified_gmt":"2019-03-13T16:48:45","slug":"guedes-defende-pacto-federativo-para-recuperacao-da-economia","status":"publish","type":"post","link":"https:\/\/diarioregionaldigital.com.br\/?p=135738","title":{"rendered":"Guedes defende pacto federativo para recupera\u00e7\u00e3o da economia"},"content":{"rendered":"<p>O ministro da Economia, Paulo Guedes, defendeu hoje, 13, um pacto federativo para levar \u00e0 recupera\u00e7\u00e3o da economia, na cerim\u00f4nia de posse do presidente do Instituto de Pesquisa Econ\u00f4mica Aplicada (Ipea), Carlos von Doellinger.<\/p>\n<p>\u201cO redesenho da estrutura, o pacto federativo, ser\u00e1 o desafio a ser enfrentado. Todo mundo com a mesma cabe\u00e7a e diagn\u00f3stico sobre a recupera\u00e7\u00e3o econ\u00f4mica&#8221;, destacou Paulo Guedes, em trecho do discurso publicado no Twitter, divulgado pelo Minist\u00e9rio da Economia.<\/p>\n<p>Guedes disse ainda que &#8220;tem que haver a valoriza\u00e7\u00e3o dos partidos e a elimina\u00e7\u00e3o do toma l\u00e1 da c\u00e1, e isso tem que se traduzir no or\u00e7amento para avan\u00e7armos nas reformas\u201d.<\/p>\n<p>O ministro refor\u00e7ou a necessidade de responsabilidade fiscal para preservar as futuras gera\u00e7\u00f5es e para a &#8220;liberta\u00e7\u00e3o dos nossos filhos e netos do sistema de reparti\u00e7\u00e3o quebrado&#8221;, referindo-se \u00e0 necessidade de aprova\u00e7\u00e3o da reforma da Previd\u00eancia.<\/p>\n<p>Carlos von Doellinger em seu discurso defendeu a responsabilidade fiscal. \u201cPrecisamos entregar o que se espera de n\u00f3s. Uma das prioridades \u00e9 a reestrutura\u00e7\u00e3o das finan\u00e7as p\u00fablicas pela volta do crescimento do Brasil. O Ipea tem que ser um \u00f3rg\u00e3o de apoio&#8221;, disse, ainda segundo publica\u00e7\u00e3o do minist\u00e9rio no Twitter.<\/p>\n<p>Fonte: Ag\u00eancia Brasil<\/p>\n","protected":false},"excerpt":{"rendered":"<p>O ministro da Economia, Paulo Guedes, defendeu hoje, 13, um pacto federativo para levar \u00e0 recupera\u00e7\u00e3o da economia, na cerim\u00f4nia de posse do presidente do Instituto de Pesquisa Econ\u00f4mica Aplicada (Ipea), Carlos von Doellinger. \u201cO redesenho da estrutura, o pacto federativo, ser\u00e1 o desafio a ser enfrentado. Todo mundo com a mesma cabe\u00e7a e diagn\u00f3stico [&hellip;]<\/p>\n","protected":false},"author":96,"featured_media":105072,"comment_status":"closed","ping_status":"closed","sticky":false,"template":"","format":"standard","meta":{"footnotes":""},"categories":[436,261,439],"tags":[],"class_list":["post-135738","post","type-post","status-publish","format-standard","has-post-thumbnail","hentry","category-destaque-da-semana","category-economia","category-ultima-hora"],"_links":{"self":[{"href":"https:\/\/diarioregionaldigital.com.br\/index.php?rest_route=\/wp\/v2\/posts\/135738","targetHints":{"allow":["GET"]}}],"collection":[{"href":"https:\/\/diarioregionaldigital.com.br\/index.php?rest_route=\/wp\/v2\/posts"}],"about":[{"href":"https:\/\/diarioregionaldigital.com.br\/index.php?rest_route=\/wp\/v2\/types\/post"}],"author":[{"embeddable":true,"href":"https:\/\/diarioregionaldigital.com.br\/index.php?rest_route=\/wp\/v2\/users\/96"}],"replies":[{"embeddable":true,"href":"https:\/\/diarioregionaldigital.com.br\/index.php?rest_route=%2Fwp%2Fv2%2Fcomments&post=135738"}],"version-history":[{"count":0,"href":"https:\/\/diarioregionaldigital.com.br\/index.php?rest_route=\/wp\/v2\/posts\/135738\/revisions"}],"wp:featuredmedia":[{"embeddable":true,"href":"https:\/\/diarioregionaldigital.com.br\/index.php?rest_route=\/wp\/v2\/media\/105072"}],"wp:attachment":[{"href":"https:\/\/diarioregionaldigital.com.br\/index.php?rest_route=%2Fwp%2Fv2%2Fmedia&parent=135738"}],"wp:term":[{"taxonomy":"category","embeddable":true,"href":"https:\/\/diarioregionaldigital.com.br\/index.php?rest_route=%2Fwp%2Fv2%2Fcategories&post=135738"},{"taxonomy":"post_tag","embeddable":true,"href":"https:\/\/diarioregionaldigital.com.br\/index.php?rest_route=%2Fwp%2Fv2%2Ftags&post=135738"}],"curies":[{"name":"wp","href":"https:\/\/api.w.org\/{rel}","templated":true}]}}