{"id":135730,"date":"2019-03-13T13:45:02","date_gmt":"2019-03-13T16:45:02","guid":{"rendered":"https:\/\/diarioregionaldigital.com.br\/?p=135730"},"modified":"2019-03-13T13:45:02","modified_gmt":"2019-03-13T16:45:02","slug":"governo-libera-saque-para-beneficiarios-do-bolsa-familia-em-brumadinho","status":"publish","type":"post","link":"https:\/\/diarioregionaldigital.com.br\/?p=135730","title":{"rendered":"Governo libera saque para benefici\u00e1rios do Bolsa Fam\u00edlia em Brumadinho"},"content":{"rendered":"<p>O presidente Jair Bolsonaro assinou medida provis\u00f3ria que libera saques de at\u00e9 R$ 600, referentes ao aux\u00edlio emergencial para benefici\u00e1rios do Bolsa Fam\u00edlia, do Benef\u00edcio de Presta\u00e7\u00e3o Continuada (BPC) e da Renda Mensal Vital\u00edcia, a moradores de Brumadinho (MG). Os saques podem ser feitos em at\u00e9 180 dias ap\u00f3s a data da disponibiliza\u00e7\u00e3o do cr\u00e9dito.<\/p>\n<p>A Medida Provis\u00f3ria 875 est\u00e1 publicada no <a href=\"http:\/\/www.in.gov.br\/materia\/-\/asset_publisher\/Kujrw0TZC2Mb\/content\/id\/66749454\" target=\"_blank\" rel=\"noopener\"><em>Di\u00e1rio Oficial da Uni\u00e3o<\/em><\/a> desta quarta-feira, 13, na se\u00e7\u00e3o 1, p\u00e1gina 2.<\/p>\n<p>Poder\u00e3o sacar o aux\u00edlio os moradores que tinham os benef\u00edcios ativos em janeiro de 2019. A medida atende os atingidos pela trag\u00e9dia do rompimento da barragem Mina C\u00f3rrego do Feij\u00e3o, em Brumadinho (MG), no qual 197 pessoas morreram e 111 est\u00e3o desaparecidas.<\/p>\n<p>O aux\u00edlio de R$ 600 ser\u00e1 pago em parcela \u00fanica, segundo o texto da MP. O pagamento ser\u00e1 feito pela Caixa Econ\u00f4mica Federal. Para benefici\u00e1rios do BPC e da Renda Mensal Vital\u00edcia, o dinheiro ser\u00e1 liberado pelo Instituto Nacional do Seguro Social (INSS).<\/p>\n<p>Fonte: Ag\u00eancia Brasil<\/p>\n","protected":false},"excerpt":{"rendered":"<p>O presidente Jair Bolsonaro assinou medida provis\u00f3ria que libera saques de at\u00e9 R$ 600, referentes ao aux\u00edlio emergencial para benefici\u00e1rios do Bolsa Fam\u00edlia, do Benef\u00edcio de Presta\u00e7\u00e3o Continuada (BPC) e da Renda Mensal Vital\u00edcia, a moradores de Brumadinho (MG). Os saques podem ser feitos em at\u00e9 180 dias ap\u00f3s a data da disponibiliza\u00e7\u00e3o do cr\u00e9dito. [&hellip;]<\/p>\n","protected":false},"author":96,"featured_media":135739,"comment_status":"closed","ping_status":"closed","sticky":false,"template":"","format":"standard","meta":{"footnotes":""},"categories":[436,440,252,439],"tags":[],"class_list":["post-135730","post","type-post","status-publish","format-standard","has-post-thumbnail","hentry","category-destaque-da-semana","category-destaques-do-dia","category-regiao","category-ultima-hora"],"_links":{"self":[{"href":"https:\/\/diarioregionaldigital.com.br\/index.php?rest_route=\/wp\/v2\/posts\/135730","targetHints":{"allow":["GET"]}}],"collection":[{"href":"https:\/\/diarioregionaldigital.com.br\/index.php?rest_route=\/wp\/v2\/posts"}],"about":[{"href":"https:\/\/diarioregionaldigital.com.br\/index.php?rest_route=\/wp\/v2\/types\/post"}],"author":[{"embeddable":true,"href":"https:\/\/diarioregionaldigital.com.br\/index.php?rest_route=\/wp\/v2\/users\/96"}],"replies":[{"embeddable":true,"href":"https:\/\/diarioregionaldigital.com.br\/index.php?rest_route=%2Fwp%2Fv2%2Fcomments&post=135730"}],"version-history":[{"count":0,"href":"https:\/\/diarioregionaldigital.com.br\/index.php?rest_route=\/wp\/v2\/posts\/135730\/revisions"}],"wp:featuredmedia":[{"embeddable":true,"href":"https:\/\/diarioregionaldigital.com.br\/index.php?rest_route=\/wp\/v2\/media\/135739"}],"wp:attachment":[{"href":"https:\/\/diarioregionaldigital.com.br\/index.php?rest_route=%2Fwp%2Fv2%2Fmedia&parent=135730"}],"wp:term":[{"taxonomy":"category","embeddable":true,"href":"https:\/\/diarioregionaldigital.com.br\/index.php?rest_route=%2Fwp%2Fv2%2Fcategories&post=135730"},{"taxonomy":"post_tag","embeddable":true,"href":"https:\/\/diarioregionaldigital.com.br\/index.php?rest_route=%2Fwp%2Fv2%2Ftags&post=135730"}],"curies":[{"name":"wp","href":"https:\/\/api.w.org\/{rel}","templated":true}]}}