{"id":135709,"date":"2019-03-13T06:00:22","date_gmt":"2019-03-13T09:00:22","guid":{"rendered":"https:\/\/diarioregionaldigital.com.br\/?p=135709"},"modified":"2019-03-12T18:28:20","modified_gmt":"2019-03-12T21:28:20","slug":"novo-boletim-epidemiologico-aponta-mais-de-40-mil-casos-provaveis-de-dengue-em-minas-gerais","status":"publish","type":"post","link":"https:\/\/diarioregionaldigital.com.br\/?p=135709","title":{"rendered":"Novo Boletim Epidemiol\u00f3gico aponta mais de 40 mil casos prov\u00e1veis de dengue em Minas Gerais"},"content":{"rendered":"<p>At\u00e9 o momento, em 2019, Minas Gerais registrou 44.230 casos (confirmados + suspeitos) prov\u00e1veis de dengue.<\/p>\n<p>Os dados s\u00e3o do novo Boletim Epidemiol\u00f3gico de Monitoramento dos casos de dengue, chikungunya e zikav\u00edrus, divulgado pela Secretaria de Estado de Sa\u00fade de\u00a0Minas Gerais\u00a0(SES-MG). Conforme as informa\u00e7\u00f5es, at\u00e9 o momento este ano, foram confirmados\u00a0dois \u00f3bitos por dengue, um do munic\u00edpio de Betim e outro de Uberl\u00e2ndia. No total, 18 \u00f3bitos por dengue est\u00e3o em investiga\u00e7\u00e3o.<\/p>\n<p>Em rela\u00e7\u00e3o\u00e0\u00a0febre chikungunya, o Estado registrou\u00a0640 casos prov\u00e1veis\u00a0da doen\u00e7a. At\u00e9 o momento n\u00e3o h\u00e1 registro de \u00f3bitos suspeitos da doen\u00e7a. Ainda conforme os dados do boletim, em rela\u00e7\u00e3o \u00e0 zika, foram registrados\u00a0187 casos prov\u00e1veis\u00a0da doen\u00e7a em 2019.<\/p>\n<p>Segundo a SES-MG, um registro maior de casos \u00e9 esperado para este per\u00edodo (meses quentes e chuvosos) devido \u00e0 sazonalidade da doen\u00e7a. Sendo assim, o estado est\u00e1 em situa\u00e7\u00e3o de alerta para esse aumento no n\u00famero de casos das doen\u00e7as transmitidas pelo Aedes (dengue, chikungunya e zika).<\/p>\n<p>&nbsp;<\/p>\n<p><strong>A\u00c7\u00d5ES<\/strong><\/p>\n<p>A Secretaria de Estado de Sa\u00fade de\u00a0Minas Geraisdestaca que as a\u00e7\u00f5es de controle da dengue, zika e chikungunya s\u00e3o permanentes, ocorrendo durante todo o ano. Dentre as a\u00e7\u00f5es desenvolvidas pela Secretaria para o enfrentamento ao Aedes est\u00e3o:<\/p>\n<ul>\n<li>Realiza\u00e7\u00e3o de reuni\u00e3o t\u00e9cnica com as regionais de sa\u00fade em setembro de 2018 para revis\u00e3o das atividades do Programa Estadual de Controle das Doen\u00e7as Transmitidas pelo Aedes;<\/li>\n<li>Monitoramento dos indicadores municipais do PROMAVS (Programa de Monitoramento das A\u00e7\u00f5es de Vigil\u00e2ncia em Sa\u00fade do Estado de Minas Gerais). Dentre todos os indicadores, um deles \u00e9 referente \u00e0 obrigatoriedade de cadastro dos agentes de combate a endemias (ACE) no CNES (Cadastro Nacional de Estabelecimento de Sa\u00fade) pelo munic\u00edpio, mantendo v\u00ednculo no servi\u00e7o. Isso gera continuidade nas a\u00e7\u00f5es de preven\u00e7\u00e3o e controle das arboviroses;<\/li>\n<li>Elabora\u00e7\u00e3o dos Planos de Conting\u00eancia Estadual e Municipais para preven\u00e7\u00e3o e controle das doen\u00e7as transmitidas pelo Aedes. A partir da fase em que o munic\u00edpio se encontra algumas a\u00e7\u00f5es s\u00e3o desencadeadas pelo Estado.<\/li>\n<\/ul>\n","protected":false},"excerpt":{"rendered":"<p>At\u00e9 o momento, em 2019, Minas Gerais registrou 44.230 casos (confirmados + suspeitos) prov\u00e1veis de dengue. Os dados s\u00e3o do novo Boletim Epidemiol\u00f3gico de Monitoramento dos casos de dengue, chikungunya e zikav\u00edrus, divulgado pela Secretaria de Estado de Sa\u00fade de\u00a0Minas Gerais\u00a0(SES-MG). Conforme as informa\u00e7\u00f5es, at\u00e9 o momento este ano, foram confirmados\u00a0dois \u00f3bitos por dengue, um [&hellip;]<\/p>\n","protected":false},"author":96,"featured_media":135711,"comment_status":"closed","ping_status":"closed","sticky":false,"template":"","format":"standard","meta":{"footnotes":""},"categories":[253,436,440,439],"tags":[],"class_list":["post-135709","post","type-post","status-publish","format-standard","has-post-thumbnail","hentry","category-cidade","category-destaque-da-semana","category-destaques-do-dia","category-ultima-hora"],"_links":{"self":[{"href":"https:\/\/diarioregionaldigital.com.br\/index.php?rest_route=\/wp\/v2\/posts\/135709","targetHints":{"allow":["GET"]}}],"collection":[{"href":"https:\/\/diarioregionaldigital.com.br\/index.php?rest_route=\/wp\/v2\/posts"}],"about":[{"href":"https:\/\/diarioregionaldigital.com.br\/index.php?rest_route=\/wp\/v2\/types\/post"}],"author":[{"embeddable":true,"href":"https:\/\/diarioregionaldigital.com.br\/index.php?rest_route=\/wp\/v2\/users\/96"}],"replies":[{"embeddable":true,"href":"https:\/\/diarioregionaldigital.com.br\/index.php?rest_route=%2Fwp%2Fv2%2Fcomments&post=135709"}],"version-history":[{"count":0,"href":"https:\/\/diarioregionaldigital.com.br\/index.php?rest_route=\/wp\/v2\/posts\/135709\/revisions"}],"wp:featuredmedia":[{"embeddable":true,"href":"https:\/\/diarioregionaldigital.com.br\/index.php?rest_route=\/wp\/v2\/media\/135711"}],"wp:attachment":[{"href":"https:\/\/diarioregionaldigital.com.br\/index.php?rest_route=%2Fwp%2Fv2%2Fmedia&parent=135709"}],"wp:term":[{"taxonomy":"category","embeddable":true,"href":"https:\/\/diarioregionaldigital.com.br\/index.php?rest_route=%2Fwp%2Fv2%2Fcategories&post=135709"},{"taxonomy":"post_tag","embeddable":true,"href":"https:\/\/diarioregionaldigital.com.br\/index.php?rest_route=%2Fwp%2Fv2%2Ftags&post=135709"}],"curies":[{"name":"wp","href":"https:\/\/api.w.org\/{rel}","templated":true}]}}