{"id":135708,"date":"2019-03-13T06:00:06","date_gmt":"2019-03-13T09:00:06","guid":{"rendered":"https:\/\/diarioregionaldigital.com.br\/?p=135708"},"modified":"2019-03-13T02:15:28","modified_gmt":"2019-03-13T05:15:28","slug":"ecos-do-carnaval-2019","status":"publish","type":"post","link":"https:\/\/diarioregionaldigital.com.br\/?p=135708","title":{"rendered":"Ecos do Carnaval 2019"},"content":{"rendered":"<p style=\"text-align: center;\"><span style=\"font-size: 12pt;\"><strong>Ecos do Carnaval 2019<\/strong><\/span><\/p>\n<p style=\"text-align: center;\">Em estilo confete e serpentina destacamos gente linda que circularam pelos blocos, bailes, clubes e bandas em Juiz de Fora e alguns lugares pelo Brasil. Confiram quem brilhou no Carnaval.<\/p>\n<div id=\"attachment_135670\" style=\"width: 690px\" class=\"wp-caption aligncenter\"><img loading=\"lazy\" decoding=\"async\" aria-describedby=\"caption-attachment-135670\" class=\"wp-image-135670\" src=\"https:\/\/diarioregionaldigital.com.br\/wp-content\/uploads\/2019\/03\/fotoa-e1552453003544.jpg\" alt=\"\" width=\"680\" height=\"527\" srcset=\"https:\/\/diarioregionaldigital.com.br\/wp-content\/uploads\/2019\/03\/fotoa-e1552453003544.jpg 1159w, https:\/\/diarioregionaldigital.com.br\/wp-content\/uploads\/2019\/03\/fotoa-e1552453003544-300x232.jpg 300w, https:\/\/diarioregionaldigital.com.br\/wp-content\/uploads\/2019\/03\/fotoa-e1552453003544-768x595.jpg 768w, https:\/\/diarioregionaldigital.com.br\/wp-content\/uploads\/2019\/03\/fotoa-e1552453003544-1024x793.jpg 1024w, https:\/\/diarioregionaldigital.com.br\/wp-content\/uploads\/2019\/03\/fotoa-e1552453003544-360x279.jpg 360w\" sizes=\"auto, (max-width: 680px) 100vw, 680px\" \/><p id=\"caption-attachment-135670\" class=\"wp-caption-text\">No Baile da Banda Daki, Sandra Guedes Alves, Eduardo Gomes e Baby Mancini, no UniverShow<\/p><\/div>\n<div id=\"attachment_135671\" style=\"width: 690px\" class=\"wp-caption aligncenter\"><img loading=\"lazy\" decoding=\"async\" aria-describedby=\"caption-attachment-135671\" class=\"wp-image-135671\" src=\"https:\/\/diarioregionaldigital.com.br\/wp-content\/uploads\/2019\/03\/fotob-e1552453054329.jpg\" alt=\"\" width=\"680\" height=\"523\" srcset=\"https:\/\/diarioregionaldigital.com.br\/wp-content\/uploads\/2019\/03\/fotob-e1552453054329.jpg 1168w, https:\/\/diarioregionaldigital.com.br\/wp-content\/uploads\/2019\/03\/fotob-e1552453054329-300x231.jpg 300w, https:\/\/diarioregionaldigital.com.br\/wp-content\/uploads\/2019\/03\/fotob-e1552453054329-768x590.jpg 768w, https:\/\/diarioregionaldigital.com.br\/wp-content\/uploads\/2019\/03\/fotob-e1552453054329-1024x787.jpg 1024w, https:\/\/diarioregionaldigital.com.br\/wp-content\/uploads\/2019\/03\/fotob-e1552453054329-360x277.jpg 360w\" sizes=\"auto, (max-width: 680px) 100vw, 680px\" \/><p id=\"caption-attachment-135671\" class=\"wp-caption-text\">Em Tr\u00eas Rios (RJ), na Escola Bambas do Ritmo, Jean Martins e F\u00e1bio Esteves<\/p><\/div>\n<div id=\"attachment_135672\" style=\"width: 690px\" class=\"wp-caption aligncenter\"><img loading=\"lazy\" decoding=\"async\" aria-describedby=\"caption-attachment-135672\" class=\"wp-image-135672\" src=\"https:\/\/diarioregionaldigital.com.br\/wp-content\/uploads\/2019\/03\/fotoc-1.jpg\" alt=\"\" width=\"680\" height=\"455\" srcset=\"https:\/\/diarioregionaldigital.com.br\/wp-content\/uploads\/2019\/03\/fotoc-1.jpg 1758w, https:\/\/diarioregionaldigital.com.br\/wp-content\/uploads\/2019\/03\/fotoc-1-300x201.jpg 300w, https:\/\/diarioregionaldigital.com.br\/wp-content\/uploads\/2019\/03\/fotoc-1-768x514.jpg 768w, https:\/\/diarioregionaldigital.com.br\/wp-content\/uploads\/2019\/03\/fotoc-1-1024x685.jpg 1024w, https:\/\/diarioregionaldigital.com.br\/wp-content\/uploads\/2019\/03\/fotoc-1-360x241.jpg 360w\" sizes=\"auto, (max-width: 680px) 100vw, 680px\" \/><p id=\"caption-attachment-135672\" class=\"wp-caption-text\">No UniverShow no Baile da Banda Daki, Beto Souza, Ricardo Alex, M\u00e1rcio Marques, Sandra Portella e Rhuan Fontes<\/p><\/div>\n<div id=\"attachment_135673\" style=\"width: 690px\" class=\"wp-caption aligncenter\"><img loading=\"lazy\" decoding=\"async\" aria-describedby=\"caption-attachment-135673\" class=\"wp-image-135673\" src=\"https:\/\/diarioregionaldigital.com.br\/wp-content\/uploads\/2019\/03\/fotod-1-e1552453121603.jpg\" alt=\"\" width=\"680\" height=\"489\" srcset=\"https:\/\/diarioregionaldigital.com.br\/wp-content\/uploads\/2019\/03\/fotod-1-e1552453121603.jpg 1164w, https:\/\/diarioregionaldigital.com.br\/wp-content\/uploads\/2019\/03\/fotod-1-e1552453121603-300x216.jpg 300w, https:\/\/diarioregionaldigital.com.br\/wp-content\/uploads\/2019\/03\/fotod-1-e1552453121603-768x552.jpg 768w, https:\/\/diarioregionaldigital.com.br\/wp-content\/uploads\/2019\/03\/fotod-1-e1552453121603-1024x736.jpg 1024w, https:\/\/diarioregionaldigital.com.br\/wp-content\/uploads\/2019\/03\/fotod-1-e1552453121603-360x259.jpg 360w\" sizes=\"auto, (max-width: 680px) 100vw, 680px\" \/><p id=\"caption-attachment-135673\" class=\"wp-caption-text\">No Bloco dos Bonit\u00f5es, Welison Soares e Rodrigo Motta<\/p><\/div>\n<div id=\"attachment_135674\" style=\"width: 690px\" class=\"wp-caption aligncenter\"><img loading=\"lazy\" decoding=\"async\" aria-describedby=\"caption-attachment-135674\" class=\"wp-image-135674\" src=\"https:\/\/diarioregionaldigital.com.br\/wp-content\/uploads\/2019\/03\/fotoe-1-e1552453179944.jpg\" alt=\"\" width=\"680\" height=\"540\" srcset=\"https:\/\/diarioregionaldigital.com.br\/wp-content\/uploads\/2019\/03\/fotoe-1-e1552453179944.jpg 540w, https:\/\/diarioregionaldigital.com.br\/wp-content\/uploads\/2019\/03\/fotoe-1-e1552453179944-300x238.jpg 300w, https:\/\/diarioregionaldigital.com.br\/wp-content\/uploads\/2019\/03\/fotoe-1-e1552453179944-360x286.jpg 360w\" sizes=\"auto, (max-width: 680px) 100vw, 680px\" \/><p id=\"caption-attachment-135674\" class=\"wp-caption-text\">Na Banda Daki, a linda Rebeca Felini<\/p><\/div>\n<div id=\"attachment_135675\" style=\"width: 690px\" class=\"wp-caption aligncenter\"><img loading=\"lazy\" decoding=\"async\" aria-describedby=\"caption-attachment-135675\" class=\"wp-image-135675\" src=\"https:\/\/diarioregionaldigital.com.br\/wp-content\/uploads\/2019\/03\/fotof-e1552453211960.jpg\" alt=\"\" width=\"680\" height=\"478\" srcset=\"https:\/\/diarioregionaldigital.com.br\/wp-content\/uploads\/2019\/03\/fotof-e1552453211960.jpg 1167w, https:\/\/diarioregionaldigital.com.br\/wp-content\/uploads\/2019\/03\/fotof-e1552453211960-300x210.jpg 300w, https:\/\/diarioregionaldigital.com.br\/wp-content\/uploads\/2019\/03\/fotof-e1552453211960-768x540.jpg 768w, https:\/\/diarioregionaldigital.com.br\/wp-content\/uploads\/2019\/03\/fotof-e1552453211960-1024x720.jpg 1024w, https:\/\/diarioregionaldigital.com.br\/wp-content\/uploads\/2019\/03\/fotof-e1552453211960-360x253.jpg 360w, https:\/\/diarioregionaldigital.com.br\/wp-content\/uploads\/2019\/03\/fotof-e1552453211960-100x70.jpg 100w\" sizes=\"auto, (max-width: 680px) 100vw, 680px\" \/><p id=\"caption-attachment-135675\" class=\"wp-caption-text\">No Baile da Banda Daki, Fabiano Garcia, Meg Ferrari, o rei momo Caio Dias e Carlos Barbosa<\/p><\/div>\n<div id=\"attachment_135676\" style=\"width: 690px\" class=\"wp-caption aligncenter\"><img loading=\"lazy\" decoding=\"async\" aria-describedby=\"caption-attachment-135676\" class=\"wp-image-135676\" src=\"https:\/\/diarioregionaldigital.com.br\/wp-content\/uploads\/2019\/03\/fotog-e1552453255641.jpg\" alt=\"\" width=\"680\" height=\"554\" srcset=\"https:\/\/diarioregionaldigital.com.br\/wp-content\/uploads\/2019\/03\/fotog-e1552453255641.jpg 1164w, https:\/\/diarioregionaldigital.com.br\/wp-content\/uploads\/2019\/03\/fotog-e1552453255641-300x244.jpg 300w, https:\/\/diarioregionaldigital.com.br\/wp-content\/uploads\/2019\/03\/fotog-e1552453255641-768x625.jpg 768w, https:\/\/diarioregionaldigital.com.br\/wp-content\/uploads\/2019\/03\/fotog-e1552453255641-1024x834.jpg 1024w, https:\/\/diarioregionaldigital.com.br\/wp-content\/uploads\/2019\/03\/fotog-e1552453255641-220x180.jpg 220w, https:\/\/diarioregionaldigital.com.br\/wp-content\/uploads\/2019\/03\/fotog-e1552453255641-360x293.jpg 360w\" sizes=\"auto, (max-width: 680px) 100vw, 680px\" \/><p id=\"caption-attachment-135676\" class=\"wp-caption-text\">A estrelinha Giullia Caruso, no Baile Trade Kids<\/p><\/div>\n<div id=\"attachment_135677\" style=\"width: 690px\" class=\"wp-caption aligncenter\"><img loading=\"lazy\" decoding=\"async\" aria-describedby=\"caption-attachment-135677\" class=\"wp-image-135677\" src=\"https:\/\/diarioregionaldigital.com.br\/wp-content\/uploads\/2019\/03\/fotoh.jpg\" alt=\"\" width=\"680\" height=\"454\" srcset=\"https:\/\/diarioregionaldigital.com.br\/wp-content\/uploads\/2019\/03\/fotoh.jpg 1758w, https:\/\/diarioregionaldigital.com.br\/wp-content\/uploads\/2019\/03\/fotoh-300x201.jpg 300w, https:\/\/diarioregionaldigital.com.br\/wp-content\/uploads\/2019\/03\/fotoh-768x513.jpg 768w, https:\/\/diarioregionaldigital.com.br\/wp-content\/uploads\/2019\/03\/fotoh-1024x684.jpg 1024w, https:\/\/diarioregionaldigital.com.br\/wp-content\/uploads\/2019\/03\/fotoh-360x241.jpg 360w\" sizes=\"auto, (max-width: 680px) 100vw, 680px\" \/><p id=\"caption-attachment-135677\" class=\"wp-caption-text\">No Baile da Banda Daki no UniverShow, Vitor Almeida, anfitri\u00e3o Z\u00e9 Kodak, Fl\u00e1vio Marques e Sarah Dolatege<\/p><\/div>\n<div id=\"attachment_135678\" style=\"width: 690px\" class=\"wp-caption aligncenter\"><img loading=\"lazy\" decoding=\"async\" aria-describedby=\"caption-attachment-135678\" class=\"wp-image-135678\" src=\"https:\/\/diarioregionaldigital.com.br\/wp-content\/uploads\/2019\/03\/fotoi.jpg\" alt=\"\" width=\"680\" height=\"461\" srcset=\"https:\/\/diarioregionaldigital.com.br\/wp-content\/uploads\/2019\/03\/fotoi.jpg 1752w, https:\/\/diarioregionaldigital.com.br\/wp-content\/uploads\/2019\/03\/fotoi-300x203.jpg 300w, https:\/\/diarioregionaldigital.com.br\/wp-content\/uploads\/2019\/03\/fotoi-768x521.jpg 768w, https:\/\/diarioregionaldigital.com.br\/wp-content\/uploads\/2019\/03\/fotoi-1024x694.jpg 1024w, https:\/\/diarioregionaldigital.com.br\/wp-content\/uploads\/2019\/03\/fotoi-360x244.jpg 360w\" sizes=\"auto, (max-width: 680px) 100vw, 680px\" \/><p id=\"caption-attachment-135678\" class=\"wp-caption-text\">No Baile Pierr\u00f4 e Colombina no Cascatinha, Anna Maria Trindade, \u00c2ngela Marta Costa, Ana Teresa Campomizzi, Ion\u00e1 Duque e Rita Ribeiro<\/p><\/div>\n<div id=\"attachment_135679\" style=\"width: 690px\" class=\"wp-caption aligncenter\"><img loading=\"lazy\" decoding=\"async\" aria-describedby=\"caption-attachment-135679\" class=\"wp-image-135679\" src=\"https:\/\/diarioregionaldigital.com.br\/wp-content\/uploads\/2019\/03\/fotoj-e1552453317741.jpg\" alt=\"\" width=\"680\" height=\"530\" srcset=\"https:\/\/diarioregionaldigital.com.br\/wp-content\/uploads\/2019\/03\/fotoj-e1552453317741.jpg 1187w, https:\/\/diarioregionaldigital.com.br\/wp-content\/uploads\/2019\/03\/fotoj-e1552453317741-300x234.jpg 300w, https:\/\/diarioregionaldigital.com.br\/wp-content\/uploads\/2019\/03\/fotoj-e1552453317741-768x598.jpg 768w, https:\/\/diarioregionaldigital.com.br\/wp-content\/uploads\/2019\/03\/fotoj-e1552453317741-1024x798.jpg 1024w, https:\/\/diarioregionaldigital.com.br\/wp-content\/uploads\/2019\/03\/fotoj-e1552453317741-360x281.jpg 360w\" sizes=\"auto, (max-width: 680px) 100vw, 680px\" \/><p id=\"caption-attachment-135679\" class=\"wp-caption-text\">No Bloco do Beco, as lindezas Ivete Gomes e Eveline Toledo<\/p><\/div>\n<div id=\"attachment_135680\" style=\"width: 690px\" class=\"wp-caption aligncenter\"><img loading=\"lazy\" decoding=\"async\" aria-describedby=\"caption-attachment-135680\" class=\"wp-image-135680\" src=\"https:\/\/diarioregionaldigital.com.br\/wp-content\/uploads\/2019\/03\/fotol-e1552453353861.jpg\" alt=\"\" width=\"680\" height=\"524\" srcset=\"https:\/\/diarioregionaldigital.com.br\/wp-content\/uploads\/2019\/03\/fotol-e1552453353861.jpg 1182w, https:\/\/diarioregionaldigital.com.br\/wp-content\/uploads\/2019\/03\/fotol-e1552453353861-300x231.jpg 300w, https:\/\/diarioregionaldigital.com.br\/wp-content\/uploads\/2019\/03\/fotol-e1552453353861-768x591.jpg 768w, https:\/\/diarioregionaldigital.com.br\/wp-content\/uploads\/2019\/03\/fotol-e1552453353861-1024x788.jpg 1024w, https:\/\/diarioregionaldigital.com.br\/wp-content\/uploads\/2019\/03\/fotol-e1552453353861-360x277.jpg 360w\" sizes=\"auto, (max-width: 680px) 100vw, 680px\" \/><p id=\"caption-attachment-135680\" class=\"wp-caption-text\">No Bloco Pintinho de Ouro, Wilma Trigo e Sandra Guedes Alves<\/p><\/div>\n<div id=\"attachment_135681\" style=\"width: 690px\" class=\"wp-caption aligncenter\"><img loading=\"lazy\" decoding=\"async\" aria-describedby=\"caption-attachment-135681\" class=\"wp-image-135681\" src=\"https:\/\/diarioregionaldigital.com.br\/wp-content\/uploads\/2019\/03\/fotom-e1552453401884.jpg\" alt=\"\" width=\"680\" height=\"552\" srcset=\"https:\/\/diarioregionaldigital.com.br\/wp-content\/uploads\/2019\/03\/fotom-e1552453401884.jpg 1169w, https:\/\/diarioregionaldigital.com.br\/wp-content\/uploads\/2019\/03\/fotom-e1552453401884-300x244.jpg 300w, https:\/\/diarioregionaldigital.com.br\/wp-content\/uploads\/2019\/03\/fotom-e1552453401884-768x623.jpg 768w, https:\/\/diarioregionaldigital.com.br\/wp-content\/uploads\/2019\/03\/fotom-e1552453401884-1024x831.jpg 1024w, https:\/\/diarioregionaldigital.com.br\/wp-content\/uploads\/2019\/03\/fotom-e1552453401884-220x180.jpg 220w, https:\/\/diarioregionaldigital.com.br\/wp-content\/uploads\/2019\/03\/fotom-e1552453401884-360x292.jpg 360w\" sizes=\"auto, (max-width: 680px) 100vw, 680px\" \/><p id=\"caption-attachment-135681\" class=\"wp-caption-text\">No Bailinho da barbearia Mo\u00e7o da Barba, Sthael Santana e o cantor Thiago Miranda<\/p><\/div>\n<div id=\"attachment_135682\" style=\"width: 690px\" class=\"wp-caption aligncenter\"><img loading=\"lazy\" decoding=\"async\" aria-describedby=\"caption-attachment-135682\" class=\"wp-image-135682\" src=\"https:\/\/diarioregionaldigital.com.br\/wp-content\/uploads\/2019\/03\/foton-e1552453425328.jpg\" alt=\"\" width=\"680\" height=\"561\" srcset=\"https:\/\/diarioregionaldigital.com.br\/wp-content\/uploads\/2019\/03\/foton-e1552453425328.jpg 1168w, https:\/\/diarioregionaldigital.com.br\/wp-content\/uploads\/2019\/03\/foton-e1552453425328-300x248.jpg 300w, https:\/\/diarioregionaldigital.com.br\/wp-content\/uploads\/2019\/03\/foton-e1552453425328-768x634.jpg 768w, https:\/\/diarioregionaldigital.com.br\/wp-content\/uploads\/2019\/03\/foton-e1552453425328-1024x845.jpg 1024w, https:\/\/diarioregionaldigital.com.br\/wp-content\/uploads\/2019\/03\/foton-e1552453425328-360x297.jpg 360w\" sizes=\"auto, (max-width: 680px) 100vw, 680px\" \/><p id=\"caption-attachment-135682\" class=\"wp-caption-text\">O campe\u00e3o pela Mangueira, Alex Trovato Esterci<\/p><\/div>\n<div id=\"attachment_135683\" style=\"width: 690px\" class=\"wp-caption aligncenter\"><img loading=\"lazy\" decoding=\"async\" aria-describedby=\"caption-attachment-135683\" class=\"wp-image-135683\" src=\"https:\/\/diarioregionaldigital.com.br\/wp-content\/uploads\/2019\/03\/fotoo.jpg\" alt=\"\" width=\"680\" height=\"461\" srcset=\"https:\/\/diarioregionaldigital.com.br\/wp-content\/uploads\/2019\/03\/fotoo.jpg 1752w, https:\/\/diarioregionaldigital.com.br\/wp-content\/uploads\/2019\/03\/fotoo-300x203.jpg 300w, https:\/\/diarioregionaldigital.com.br\/wp-content\/uploads\/2019\/03\/fotoo-768x521.jpg 768w, https:\/\/diarioregionaldigital.com.br\/wp-content\/uploads\/2019\/03\/fotoo-1024x694.jpg 1024w, https:\/\/diarioregionaldigital.com.br\/wp-content\/uploads\/2019\/03\/fotoo-360x244.jpg 360w\" sizes=\"auto, (max-width: 680px) 100vw, 680px\" \/><p id=\"caption-attachment-135683\" class=\"wp-caption-text\">Lindos no Carnaval na Fernando Lobo, Lucas Mendes, Laerte Pinto Sumara Rosa e Rodrigo Bissoli<\/p><\/div>\n<div id=\"attachment_135684\" style=\"width: 690px\" class=\"wp-caption aligncenter\"><img loading=\"lazy\" decoding=\"async\" aria-describedby=\"caption-attachment-135684\" class=\"wp-image-135684\" src=\"https:\/\/diarioregionaldigital.com.br\/wp-content\/uploads\/2019\/03\/fotop-e1552453458632.jpg\" alt=\"\" width=\"680\" height=\"602\" srcset=\"https:\/\/diarioregionaldigital.com.br\/wp-content\/uploads\/2019\/03\/fotop-e1552453458632.jpg 1176w, https:\/\/diarioregionaldigital.com.br\/wp-content\/uploads\/2019\/03\/fotop-e1552453458632-300x266.jpg 300w, https:\/\/diarioregionaldigital.com.br\/wp-content\/uploads\/2019\/03\/fotop-e1552453458632-768x680.jpg 768w, https:\/\/diarioregionaldigital.com.br\/wp-content\/uploads\/2019\/03\/fotop-e1552453458632-1024x906.jpg 1024w, https:\/\/diarioregionaldigital.com.br\/wp-content\/uploads\/2019\/03\/fotop-e1552453458632-360x319.jpg 360w, https:\/\/diarioregionaldigital.com.br\/wp-content\/uploads\/2019\/03\/fotop-e1552453458632-555x490.jpg 555w\" sizes=\"auto, (max-width: 680px) 100vw, 680px\" \/><p id=\"caption-attachment-135684\" class=\"wp-caption-text\">No Carnaval Piscininha Amor em Miracema (MG), o belo Josean Pestana<\/p><\/div>\n<div id=\"attachment_135685\" style=\"width: 690px\" class=\"wp-caption aligncenter\"><img loading=\"lazy\" decoding=\"async\" aria-describedby=\"caption-attachment-135685\" class=\"wp-image-135685\" src=\"https:\/\/diarioregionaldigital.com.br\/wp-content\/uploads\/2019\/03\/fotoq-e1552453510696.jpg\" alt=\"\" width=\"680\" height=\"492\" srcset=\"https:\/\/diarioregionaldigital.com.br\/wp-content\/uploads\/2019\/03\/fotoq-e1552453510696.jpg 1172w, https:\/\/diarioregionaldigital.com.br\/wp-content\/uploads\/2019\/03\/fotoq-e1552453510696-300x217.jpg 300w, https:\/\/diarioregionaldigital.com.br\/wp-content\/uploads\/2019\/03\/fotoq-e1552453510696-768x556.jpg 768w, https:\/\/diarioregionaldigital.com.br\/wp-content\/uploads\/2019\/03\/fotoq-e1552453510696-1024x741.jpg 1024w, https:\/\/diarioregionaldigital.com.br\/wp-content\/uploads\/2019\/03\/fotoq-e1552453510696-360x260.jpg 360w\" sizes=\"auto, (max-width: 680px) 100vw, 680px\" \/><p id=\"caption-attachment-135685\" class=\"wp-caption-text\">Carnavalescos no UniverShow, Ivanir Ferreira, M\u00f4nica Gomide Guimar\u00e3es, Edimar Augusto e Wanderlea Assis<\/p><\/div>\n<div id=\"attachment_135686\" style=\"width: 690px\" class=\"wp-caption aligncenter\"><img loading=\"lazy\" decoding=\"async\" aria-describedby=\"caption-attachment-135686\" class=\"wp-image-135686\" src=\"https:\/\/diarioregionaldigital.com.br\/wp-content\/uploads\/2019\/03\/fotor-e1552453539235.jpg\" alt=\"\" width=\"680\" height=\"482\" srcset=\"https:\/\/diarioregionaldigital.com.br\/wp-content\/uploads\/2019\/03\/fotor-e1552453539235.jpg 1172w, https:\/\/diarioregionaldigital.com.br\/wp-content\/uploads\/2019\/03\/fotor-e1552453539235-300x212.jpg 300w, https:\/\/diarioregionaldigital.com.br\/wp-content\/uploads\/2019\/03\/fotor-e1552453539235-768x544.jpg 768w, https:\/\/diarioregionaldigital.com.br\/wp-content\/uploads\/2019\/03\/fotor-e1552453539235-1024x725.jpg 1024w, https:\/\/diarioregionaldigital.com.br\/wp-content\/uploads\/2019\/03\/fotor-e1552453539235-750x530.jpg 750w, https:\/\/diarioregionaldigital.com.br\/wp-content\/uploads\/2019\/03\/fotor-e1552453539235-360x255.jpg 360w, https:\/\/diarioregionaldigital.com.br\/wp-content\/uploads\/2019\/03\/fotor-e1552453539235-100x70.jpg 100w\" sizes=\"auto, (max-width: 680px) 100vw, 680px\" \/><p id=\"caption-attachment-135686\" class=\"wp-caption-text\">No Carnaval de Salvador (BA), os lindos Thenner Freitas e Tiago Capuzzo<\/p><\/div>\n<div id=\"attachment_135687\" style=\"width: 690px\" class=\"wp-caption aligncenter\"><img loading=\"lazy\" decoding=\"async\" aria-describedby=\"caption-attachment-135687\" class=\"wp-image-135687\" src=\"https:\/\/diarioregionaldigital.com.br\/wp-content\/uploads\/2019\/03\/fotos-e1552453563208.jpg\" alt=\"\" width=\"680\" height=\"529\" srcset=\"https:\/\/diarioregionaldigital.com.br\/wp-content\/uploads\/2019\/03\/fotos-e1552453563208.jpg 1164w, https:\/\/diarioregionaldigital.com.br\/wp-content\/uploads\/2019\/03\/fotos-e1552453563208-300x233.jpg 300w, https:\/\/diarioregionaldigital.com.br\/wp-content\/uploads\/2019\/03\/fotos-e1552453563208-768x597.jpg 768w, https:\/\/diarioregionaldigital.com.br\/wp-content\/uploads\/2019\/03\/fotos-e1552453563208-1024x796.jpg 1024w, https:\/\/diarioregionaldigital.com.br\/wp-content\/uploads\/2019\/03\/fotos-e1552453563208-360x280.jpg 360w\" sizes=\"auto, (max-width: 680px) 100vw, 680px\" \/><p id=\"caption-attachment-135687\" class=\"wp-caption-text\">No Bloco To Coxona no Rio, o belo Guilherme Nascimento<\/p><\/div>\n<div id=\"attachment_135688\" style=\"width: 690px\" class=\"wp-caption aligncenter\"><img loading=\"lazy\" decoding=\"async\" aria-describedby=\"caption-attachment-135688\" class=\"wp-image-135688\" src=\"https:\/\/diarioregionaldigital.com.br\/wp-content\/uploads\/2019\/03\/fotot-e1552453592100.jpg\" alt=\"\" width=\"680\" height=\"523\" srcset=\"https:\/\/diarioregionaldigital.com.br\/wp-content\/uploads\/2019\/03\/fotot-e1552453592100.jpg 1164w, https:\/\/diarioregionaldigital.com.br\/wp-content\/uploads\/2019\/03\/fotot-e1552453592100-300x231.jpg 300w, https:\/\/diarioregionaldigital.com.br\/wp-content\/uploads\/2019\/03\/fotot-e1552453592100-768x591.jpg 768w, https:\/\/diarioregionaldigital.com.br\/wp-content\/uploads\/2019\/03\/fotot-e1552453592100-1024x787.jpg 1024w, https:\/\/diarioregionaldigital.com.br\/wp-content\/uploads\/2019\/03\/fotot-e1552453592100-360x277.jpg 360w\" sizes=\"auto, (max-width: 680px) 100vw, 680px\" \/><p id=\"caption-attachment-135688\" class=\"wp-caption-text\">No Baile da Banda Daki, \u00darsula Scavolini e Fabr\u00edcio Almeida<\/p><\/div>\n<div id=\"attachment_135689\" style=\"width: 690px\" class=\"wp-caption aligncenter\"><img loading=\"lazy\" decoding=\"async\" aria-describedby=\"caption-attachment-135689\" class=\"wp-image-135689\" src=\"https:\/\/diarioregionaldigital.com.br\/wp-content\/uploads\/2019\/03\/fotou.jpg\" alt=\"\" width=\"680\" height=\"455\" srcset=\"https:\/\/diarioregionaldigital.com.br\/wp-content\/uploads\/2019\/03\/fotou.jpg 1758w, https:\/\/diarioregionaldigital.com.br\/wp-content\/uploads\/2019\/03\/fotou-300x201.jpg 300w, https:\/\/diarioregionaldigital.com.br\/wp-content\/uploads\/2019\/03\/fotou-768x514.jpg 768w, https:\/\/diarioregionaldigital.com.br\/wp-content\/uploads\/2019\/03\/fotou-1024x685.jpg 1024w, https:\/\/diarioregionaldigital.com.br\/wp-content\/uploads\/2019\/03\/fotou-360x241.jpg 360w\" sizes=\"auto, (max-width: 680px) 100vw, 680px\" \/><p id=\"caption-attachment-135689\" class=\"wp-caption-text\">No Baile Pierr\u00f4 e Colombina no Cascatinha, Anna Maria Trindade, \u00c2ngela Marta Costa, Ana Teresa Campomizzi, Ion\u00e1 Duque e Rita Ribeiro<\/p><\/div>\n<div id=\"attachment_135690\" style=\"width: 690px\" class=\"wp-caption aligncenter\"><img loading=\"lazy\" decoding=\"async\" aria-describedby=\"caption-attachment-135690\" class=\"wp-image-135690\" src=\"https:\/\/diarioregionaldigital.com.br\/wp-content\/uploads\/2019\/03\/fotov-e1552453625108.jpg\" alt=\"\" width=\"680\" height=\"503\" srcset=\"https:\/\/diarioregionaldigital.com.br\/wp-content\/uploads\/2019\/03\/fotov-e1552453625108.jpg 1202w, https:\/\/diarioregionaldigital.com.br\/wp-content\/uploads\/2019\/03\/fotov-e1552453625108-300x222.jpg 300w, https:\/\/diarioregionaldigital.com.br\/wp-content\/uploads\/2019\/03\/fotov-e1552453625108-768x568.jpg 768w, https:\/\/diarioregionaldigital.com.br\/wp-content\/uploads\/2019\/03\/fotov-e1552453625108-1024x757.jpg 1024w, https:\/\/diarioregionaldigital.com.br\/wp-content\/uploads\/2019\/03\/fotov-e1552453625108-360x266.jpg 360w\" sizes=\"auto, (max-width: 680px) 100vw, 680px\" \/><p id=\"caption-attachment-135690\" class=\"wp-caption-text\">No Bloco Nega Maria no Trade Hotel, Rosenberg Frizeiro, Sandra Portella e Jo\u00e3o Tavares<\/p><\/div>\n<div id=\"attachment_135691\" style=\"width: 690px\" class=\"wp-caption aligncenter\"><img loading=\"lazy\" decoding=\"async\" aria-describedby=\"caption-attachment-135691\" class=\"wp-image-135691\" src=\"https:\/\/diarioregionaldigital.com.br\/wp-content\/uploads\/2019\/03\/fotox-e1552453650999.jpg\" alt=\"\" width=\"680\" height=\"437\" srcset=\"https:\/\/diarioregionaldigital.com.br\/wp-content\/uploads\/2019\/03\/fotox-e1552453650999.jpg 883w, https:\/\/diarioregionaldigital.com.br\/wp-content\/uploads\/2019\/03\/fotox-e1552453650999-300x193.jpg 300w, https:\/\/diarioregionaldigital.com.br\/wp-content\/uploads\/2019\/03\/fotox-e1552453650999-768x494.jpg 768w, https:\/\/diarioregionaldigital.com.br\/wp-content\/uploads\/2019\/03\/fotox-e1552453650999-360x232.jpg 360w\" sizes=\"auto, (max-width: 680px) 100vw, 680px\" \/><p id=\"caption-attachment-135691\" class=\"wp-caption-text\">A diva cantora Rosemary com a bateria nota 10 da supercampe\u00e3 Mangueira no Rio<\/p><\/div>\n<p style=\"text-align: center;\"><strong>FOTOSS\u00cdNTESE<\/strong><\/p>\n<p>O Carnaval passou e vamos colocar em destaque itens essenciais para que, em 2020, Juiz de Fora tenha de volta um Carnaval com apoio de todas as iniciativas.<\/p>\n<p>Os foli\u00f5es se contentaram com blocos que sa\u00edram animados do Parque Halfeld, desceram o Cal\u00e7ad\u00e3o por for\u00e7a de seus integrantes e alguns debaixo de chuva.<\/p>\n<p>O \u2018Bloco do Gente\u2019 animou o Cal\u00e7ad\u00e3o com seus adere\u00e7os coloridos e ritmo no p\u00e9, com o grupo formado por jovens e crian\u00e7as do programa \u201cSou Gente em Primeiro Lugar\u201d, da Funalfa (PJF).<\/p>\n<p>O Bloco da Imprensa reuniu, no Bar Caminho da Ro\u00e7a, jornalistas, colunistas e rep\u00f3rteres de v\u00e1rios meios de comunica\u00e7\u00e3o da cidade.<\/p>\n<p>Com seu cortejo alegre e colorido os blocos Pagod\u00e3o dos Clubes, Bloco do Batom, Bloco Pintinho de Ouro e Bloco do Beco expressaram a cultura popular e tiveram desfecho glorioso entre as ruas Halfeld e Get\u00falio Vargas.<\/p>\n<p>Alguns bailes ainda tiveram a for\u00e7a e o prest\u00edgio dos foli\u00f5es no Baile do Come Quieto, Baile da Banda Daki, Baile Verde e Branco (Sport), Baile Azul e Branco (ASE) e Baile \u00e0 fantasia nos Clubes Bom Pastor, C\u00edrculo Militar e Cascatinha.<\/p>\n<p>Performando coreografias, a Banda Daki saiu empolgada no s\u00e1bado de Carnaval com muitos destaques, tendo um Z\u00e9 Kodak passando de general a marechal da banda.<\/p>\n<p>Em momento ternura, rec\u00e9m-nascidos da UTI da Santa Casa participaram de seu primeiro carnaval com fantasias de personagens famosos.<\/p>\n<p>Nos dias de Carnaval antecipado destacamos a simpatia da Rainha do Carnaval 2019 Tassiane Agostinho e do Rei Caio Dias e das princesas.<\/p>\n<p>Nota dez para a Pol\u00edcia Militar no policiamento e na dispers\u00e3o na Pra\u00e7a Ant\u00f4nio Carlos.<\/p>\n<p>Subiu: O Bloco Nega Maria de Sandra Portella realizado no Trade Hotel, reunindo gente linda e animada.<\/p>\n<p>Orneides Lima recebeu no Privilage o Bloco da Cerveja. Willian Chopinho animou a pra\u00e7a do Jardim Gl\u00f3ria com o Bloco Concentra Mas n\u00e3o Sai.<\/p>\n<p>Finalizando: \u201cEu queria que essa fantasia fosse eterna, quem sabe um dia a paz vence a guerra e viver ser\u00e1 s\u00f3 festejar\u201d. Bom dia.<\/p>\n","protected":false},"excerpt":{"rendered":"<p>Ecos do Carnaval 2019 Em estilo confete e serpentina destacamos gente linda que circularam pelos blocos, bailes, clubes e bandas em Juiz de Fora e alguns lugares pelo Brasil. Confiram quem brilhou no Carnaval. FOTOSS\u00cdNTESE O Carnaval passou e vamos colocar em destaque itens essenciais para que, em 2020, Juiz de Fora tenha de volta [&hellip;]<\/p>\n","protected":false},"author":96,"featured_media":135670,"comment_status":"closed","ping_status":"closed","sticky":false,"template":"","format":"standard","meta":{"footnotes":""},"categories":[264],"tags":[],"class_list":["post-135708","post","type-post","status-publish","format-standard","has-post-thumbnail","hentry","category-eduardo-gomes"],"_links":{"self":[{"href":"https:\/\/diarioregionaldigital.com.br\/index.php?rest_route=\/wp\/v2\/posts\/135708","targetHints":{"allow":["GET"]}}],"collection":[{"href":"https:\/\/diarioregionaldigital.com.br\/index.php?rest_route=\/wp\/v2\/posts"}],"about":[{"href":"https:\/\/diarioregionaldigital.com.br\/index.php?rest_route=\/wp\/v2\/types\/post"}],"author":[{"embeddable":true,"href":"https:\/\/diarioregionaldigital.com.br\/index.php?rest_route=\/wp\/v2\/users\/96"}],"replies":[{"embeddable":true,"href":"https:\/\/diarioregionaldigital.com.br\/index.php?rest_route=%2Fwp%2Fv2%2Fcomments&post=135708"}],"version-history":[{"count":0,"href":"https:\/\/diarioregionaldigital.com.br\/index.php?rest_route=\/wp\/v2\/posts\/135708\/revisions"}],"wp:featuredmedia":[{"embeddable":true,"href":"https:\/\/diarioregionaldigital.com.br\/index.php?rest_route=\/wp\/v2\/media\/135670"}],"wp:attachment":[{"href":"https:\/\/diarioregionaldigital.com.br\/index.php?rest_route=%2Fwp%2Fv2%2Fmedia&parent=135708"}],"wp:term":[{"taxonomy":"category","embeddable":true,"href":"https:\/\/diarioregionaldigital.com.br\/index.php?rest_route=%2Fwp%2Fv2%2Fcategories&post=135708"},{"taxonomy":"post_tag","embeddable":true,"href":"https:\/\/diarioregionaldigital.com.br\/index.php?rest_route=%2Fwp%2Fv2%2Ftags&post=135708"}],"curies":[{"name":"wp","href":"https:\/\/api.w.org\/{rel}","templated":true}]}}