{"id":135698,"date":"2019-03-13T06:00:33","date_gmt":"2019-03-13T09:00:33","guid":{"rendered":"https:\/\/diarioregionaldigital.com.br\/?p=135698"},"modified":"2019-03-12T18:09:03","modified_gmt":"2019-03-12T21:09:03","slug":"prefeitura-municipal-de-tocantins-errata-da-licitacao-no019-13-03-19","status":"publish","type":"post","link":"https:\/\/diarioregionaldigital.com.br\/?p=135698","title":{"rendered":"Prefeitura Municipal de Tocantins &#8211; Errata da Licita\u00e7\u00e3o n\u00ba019 &#8211; 13\/03\/19"},"content":{"rendered":"<p style=\"text-align: center;\"><strong>PREFEITURA MUNICIPAL DE TOCANTINS<\/strong><\/p>\n<p style=\"text-align: center;\"><strong>ERRATA &#8211; REDESIGNA\u00c7\u00c3O DE LICITA\u00c7\u00c3O N\u00ba 019\/2019<\/strong><\/p>\n<p style=\"text-align: center;\"><strong>Modalidade de Preg\u00e3o n\u00b0 016\/2019<\/strong><\/p>\n<p style=\"text-align: center;\">O Munic\u00edpio de TOCANTINS, na forma da lei, faz saber a todos os interessados que REDESIGNOU A DATA do preg\u00e3o presencial, cujo\u00a0o objeto principal \u00e9 CONTRATA\u00c7\u00c3O DE EMPRESA PARA O FORNECIMENTO DE CONSULTORIA E ASSESSORIA CONT\u00c1BIL, PARA FUNDO DE APOSENTADORIA E PENS\u00c3O DOS SERVI\u00c7OS P\u00daBLICOS MUNICIPAIS \/ FAPSEM. Fica\u00a0<strong><u>REDESIGNADA A\u00a0DATA DA LICITA\u00c7\u00c3O PARA O DIA 28\/03\/2019 \u00e0s 08:30 horas<\/u><\/strong>\u00a0na sala da comiss\u00e3o de licita\u00e7\u00e3o, localizada na Av. Padre Mac\u00e1rio, n\u00b0 129, bairro Centro, munic\u00edpio de TOCANTINS. O edital e seus anexos, encontram-se a disposi\u00e7\u00e3o dos interessados no endere\u00e7o citado anteriormente, no hor\u00e1rio de expediente de 08:00 \u00e0s 11:00 e de 13:00 \u00e0s 16:00 hrs. TOCANTINS\/MG, 12 de mar\u00e7o de 2019.<\/p>\n<p style=\"text-align: center;\"><strong>LUIZ FERNANDO BARBOSA DA SILVA<\/strong><\/p>\n<p style=\"text-align: center;\"><strong>PREGOEIRO<\/strong><\/p>\n","protected":false},"excerpt":{"rendered":"<p>PREFEITURA MUNICIPAL DE TOCANTINS ERRATA &#8211; REDESIGNA\u00c7\u00c3O DE LICITA\u00c7\u00c3O N\u00ba 019\/2019 Modalidade de Preg\u00e3o n\u00b0 016\/2019 O Munic\u00edpio de TOCANTINS, na forma da lei, faz saber a todos os interessados que REDESIGNOU A DATA do preg\u00e3o presencial, cujo\u00a0o objeto principal \u00e9 CONTRATA\u00c7\u00c3O DE EMPRESA PARA O FORNECIMENTO DE CONSULTORIA E ASSESSORIA CONT\u00c1BIL, PARA FUNDO DE [&hellip;]<\/p>\n","protected":false},"author":96,"featured_media":0,"comment_status":"closed","ping_status":"closed","sticky":false,"template":"","format":"standard","meta":{"footnotes":""},"categories":[307],"tags":[],"class_list":["post-135698","post","type-post","status-publish","format-standard","hentry","category-editais"],"_links":{"self":[{"href":"https:\/\/diarioregionaldigital.com.br\/index.php?rest_route=\/wp\/v2\/posts\/135698","targetHints":{"allow":["GET"]}}],"collection":[{"href":"https:\/\/diarioregionaldigital.com.br\/index.php?rest_route=\/wp\/v2\/posts"}],"about":[{"href":"https:\/\/diarioregionaldigital.com.br\/index.php?rest_route=\/wp\/v2\/types\/post"}],"author":[{"embeddable":true,"href":"https:\/\/diarioregionaldigital.com.br\/index.php?rest_route=\/wp\/v2\/users\/96"}],"replies":[{"embeddable":true,"href":"https:\/\/diarioregionaldigital.com.br\/index.php?rest_route=%2Fwp%2Fv2%2Fcomments&post=135698"}],"version-history":[{"count":0,"href":"https:\/\/diarioregionaldigital.com.br\/index.php?rest_route=\/wp\/v2\/posts\/135698\/revisions"}],"wp:attachment":[{"href":"https:\/\/diarioregionaldigital.com.br\/index.php?rest_route=%2Fwp%2Fv2%2Fmedia&parent=135698"}],"wp:term":[{"taxonomy":"category","embeddable":true,"href":"https:\/\/diarioregionaldigital.com.br\/index.php?rest_route=%2Fwp%2Fv2%2Fcategories&post=135698"},{"taxonomy":"post_tag","embeddable":true,"href":"https:\/\/diarioregionaldigital.com.br\/index.php?rest_route=%2Fwp%2Fv2%2Ftags&post=135698"}],"curies":[{"name":"wp","href":"https:\/\/api.w.org\/{rel}","templated":true}]}}