{"id":135695,"date":"2019-03-12T12:00:11","date_gmt":"2019-03-12T15:00:11","guid":{"rendered":"https:\/\/diarioregionaldigital.com.br\/?p=135695"},"modified":"2019-03-12T17:45:43","modified_gmt":"2019-03-12T20:45:43","slug":"homem-de-41-anos-e-preso-apos-ameacar-sua-mae","status":"publish","type":"post","link":"https:\/\/diarioregionaldigital.com.br\/?p=135695","title":{"rendered":"Homem de 41 anos \u00e9 preso ap\u00f3s amea\u00e7ar sua m\u00e3e"},"content":{"rendered":"<p>Um homem de 41 anos foi preso na manh\u00e3 dessa segunda-feira, 11, no bairro Jardim Ga\u00facho, em Juiz de Fora. Na resid\u00eancia do autor foram apreendidos muni\u00e7\u00f5es, um rev\u00f3lver calibre 22 e uma bucha de maconha.<\/p>\n<p>A Pol\u00edcia Militar chegou ao local ap\u00f3s receber den\u00fancia de uma confus\u00e3o e disparos de tiros na resid\u00eancia. Chegando ao local, os policiais depararam com o indiv\u00edduo correndo e que logo foi capturado pelos PM\u2019s.<\/p>\n<p>O pai do autor relatou aos policiais que o filho havia realizado disparos na cobertura da resid\u00eancia e amea\u00e7ado a m\u00e3e, batendo com a arma em seu peito. Ap\u00f3s a den\u00fancia, os policiais fizeram uma busca na casa encontrando a arma do crime.<\/p>\n<p>Diante dos fatos relatados pela testemunha e pela apreens\u00e3o realizada pelos policiais, o homem de 41 anos recebeu a ordem de pris\u00e3o e foi encaminhado para a Delegacia de Plant\u00e3o.<\/p>\n","protected":false},"excerpt":{"rendered":"<p>Um homem de 41 anos foi preso na manh\u00e3 dessa segunda-feira, 11, no bairro Jardim Ga\u00facho, em Juiz de Fora. Na resid\u00eancia do autor foram apreendidos muni\u00e7\u00f5es, um rev\u00f3lver calibre 22 e uma bucha de maconha. A Pol\u00edcia Militar chegou ao local ap\u00f3s receber den\u00fancia de uma confus\u00e3o e disparos de tiros na resid\u00eancia. Chegando [&hellip;]<\/p>\n","protected":false},"author":96,"featured_media":135696,"comment_status":"closed","ping_status":"closed","sticky":false,"template":"","format":"standard","meta":{"footnotes":""},"categories":[253,436,440,262,439],"tags":[],"class_list":["post-135695","post","type-post","status-publish","format-standard","has-post-thumbnail","hentry","category-cidade","category-destaque-da-semana","category-destaques-do-dia","category-noticias","category-ultima-hora"],"_links":{"self":[{"href":"https:\/\/diarioregionaldigital.com.br\/index.php?rest_route=\/wp\/v2\/posts\/135695","targetHints":{"allow":["GET"]}}],"collection":[{"href":"https:\/\/diarioregionaldigital.com.br\/index.php?rest_route=\/wp\/v2\/posts"}],"about":[{"href":"https:\/\/diarioregionaldigital.com.br\/index.php?rest_route=\/wp\/v2\/types\/post"}],"author":[{"embeddable":true,"href":"https:\/\/diarioregionaldigital.com.br\/index.php?rest_route=\/wp\/v2\/users\/96"}],"replies":[{"embeddable":true,"href":"https:\/\/diarioregionaldigital.com.br\/index.php?rest_route=%2Fwp%2Fv2%2Fcomments&post=135695"}],"version-history":[{"count":0,"href":"https:\/\/diarioregionaldigital.com.br\/index.php?rest_route=\/wp\/v2\/posts\/135695\/revisions"}],"wp:featuredmedia":[{"embeddable":true,"href":"https:\/\/diarioregionaldigital.com.br\/index.php?rest_route=\/wp\/v2\/media\/135696"}],"wp:attachment":[{"href":"https:\/\/diarioregionaldigital.com.br\/index.php?rest_route=%2Fwp%2Fv2%2Fmedia&parent=135695"}],"wp:term":[{"taxonomy":"category","embeddable":true,"href":"https:\/\/diarioregionaldigital.com.br\/index.php?rest_route=%2Fwp%2Fv2%2Fcategories&post=135695"},{"taxonomy":"post_tag","embeddable":true,"href":"https:\/\/diarioregionaldigital.com.br\/index.php?rest_route=%2Fwp%2Fv2%2Ftags&post=135695"}],"curies":[{"name":"wp","href":"https:\/\/api.w.org\/{rel}","templated":true}]}}