{"id":135660,"date":"2019-03-12T15:03:33","date_gmt":"2019-03-12T18:03:33","guid":{"rendered":"https:\/\/diarioregionaldigital.com.br\/?p=135660"},"modified":"2019-03-12T15:03:33","modified_gmt":"2019-03-12T18:03:33","slug":"mais-de-200-venezuelanos-deixam-boa-vista-amanha-rumo-a-14-cidades","status":"publish","type":"post","link":"https:\/\/diarioregionaldigital.com.br\/?p=135660","title":{"rendered":"Mais de 200 venezuelanos deixam Boa Vista amanh\u00e3 rumo a 14 cidades"},"content":{"rendered":"<p>Mais 234 de refugiados e migrantes venezuelanos deixar\u00e3o Boa Vista com destino a 14 cidades brasileiras nesta quarta-feira, 13, \u00e0s 8h, hor\u00e1rio local. A primeira parada da aeronave da For\u00e7a A\u00e9rea\u00a0Brasileira (FAB) ser\u00e1\u00a0no Recife, onde desembarcar\u00e3o 63 pessoas. Desse grupo 24 seguir\u00e3o para Igarassu (PE), 31 v\u00e3o para a Para\u00edba e oito trocar\u00e3o de aeronave com destino ao Rio Grande do Norte.<\/p>\n<p>Do\u00a0Recife, o avi\u00e3o segue para Guarulhos (SP), onde desembarcam 123 venezuelanos. De l\u00e1, em outra aeronave, 11 deles\u00a0ir\u00e3o para o\u00a0Paran\u00e1 e 16 pessoas para o Rio Grande do Sul. A \u00faltima escala do C-767 da FAB \u00e9 o Rio\u00a0de Janeiro, onde desembarcam 48 pessoas: 17 seguir\u00e3o para Bras\u00edlia e 15 para Cuiab\u00e1. Quatro\u00a0venezuelanos seguem de avi\u00e3o comercial de Boa Vista para Feira de Santana (BA) ainda esta semana.<\/p>\n<p>Segundo o ministro da Cidadania, Osmar Terra, cerca de 4 mil pessoas ou pouco mais de mil fam\u00edlias est\u00e3o na fronteira brasileira com o pa\u00eds vizinho em condi\u00e7\u00f5es de serem interiorizadas. \u201cO fechamento da fronteira formal n\u00e3o impede a chegada de venezuelanos, as pessoas est\u00e3o vindo por rotas alternativas. A curto prazo deve vir mais gente\u201d, disse Osmar Terra, ao reafirmar que o Brasil vai continuar acolhendo os que aqui chegarem.<\/p>\n<h2>Segunda\u00a0etapa<\/h2>\n<p>No\u00a0s\u00e1bado, 23, \u00e9 a cidade de Dourados (MS) que vai receber 100 venezuelanos. O grupo, formado principalmente por homens solteiros, chegar\u00e1 a\u00a0Mato Grosso do Sul com sinaliza\u00e7\u00e3o de emprego em uma empresa aliment\u00edcia. A ida deles para l\u00e1 foi poss\u00edvel gra\u00e7as a um acordo com a Opera\u00e7\u00e3o Acolhida, que coordena a assist\u00eancia emergencial a\u00a0migrantes venezuelanos em situa\u00e7\u00e3o de vulnerabilidade.<\/p>\n<p>Nesse caso, o deslocamento ser\u00e1 feito com o apoio da Ag\u00eancia da ONU para Refugiados (Acnur), que oferecer\u00e1 bolsas de aux\u00edlio tempor\u00e1rio aos venezuelanos realocados, e da Ag\u00eancia da ONU para Migra\u00e7\u00f5es (OIM), que fretar\u00e1 o avi\u00e3o. Com os mesmos incentivos,\u00a030 benefici\u00e1rios seguir\u00e3o em voos comerciais tamb\u00e9m com ajuda da OIM e com bolsas de subsist\u00eancia financiadas pela Ag\u00eancia da ONU para Refugiados.<\/p>\n<p>Com essas viagens, a Opera\u00e7\u00e3o Acolhida j\u00e1 contabiliza a interioriza\u00e7\u00e3o de mais de 5 mil venezuelanos por 50 cidades de 17 estados brasileiros.<\/p>\n<p><img decoding=\"async\" src=\"http:\/\/imagens.ebc.com.br\/oagS3EyKjMjXwhCHzYYCu4h6xL4=\/754x0\/smart\/http:\/\/agenciabrasil.ebc.com.br\/sites\/default\/files\/thumbnails\/image\/venezuelanos.png?itok=hccHObCb\" alt=\"interioriza\u00c3\u00a7\u00c3\u00a3o de venezuelanos\" \/><\/p>\n<p>Fonte: Ag\u00eancia Brasil<\/p>\n","protected":false},"excerpt":{"rendered":"<p>Mais 234 de refugiados e migrantes venezuelanos deixar\u00e3o Boa Vista com destino a 14 cidades brasileiras nesta quarta-feira, 13, \u00e0s 8h, hor\u00e1rio local. A primeira parada da aeronave da For\u00e7a A\u00e9rea\u00a0Brasileira (FAB) ser\u00e1\u00a0no Recife, onde desembarcar\u00e3o 63 pessoas. Desse grupo 24 seguir\u00e3o para Igarassu (PE), 31 v\u00e3o para a Para\u00edba e oito trocar\u00e3o de aeronave [&hellip;]<\/p>\n","protected":false},"author":96,"featured_media":135661,"comment_status":"closed","ping_status":"closed","sticky":false,"template":"","format":"standard","meta":{"footnotes":""},"categories":[302,436,439],"tags":[],"class_list":["post-135660","post","type-post","status-publish","format-standard","has-post-thumbnail","hentry","category-brasil-mundo","category-destaque-da-semana","category-ultima-hora"],"_links":{"self":[{"href":"https:\/\/diarioregionaldigital.com.br\/index.php?rest_route=\/wp\/v2\/posts\/135660","targetHints":{"allow":["GET"]}}],"collection":[{"href":"https:\/\/diarioregionaldigital.com.br\/index.php?rest_route=\/wp\/v2\/posts"}],"about":[{"href":"https:\/\/diarioregionaldigital.com.br\/index.php?rest_route=\/wp\/v2\/types\/post"}],"author":[{"embeddable":true,"href":"https:\/\/diarioregionaldigital.com.br\/index.php?rest_route=\/wp\/v2\/users\/96"}],"replies":[{"embeddable":true,"href":"https:\/\/diarioregionaldigital.com.br\/index.php?rest_route=%2Fwp%2Fv2%2Fcomments&post=135660"}],"version-history":[{"count":0,"href":"https:\/\/diarioregionaldigital.com.br\/index.php?rest_route=\/wp\/v2\/posts\/135660\/revisions"}],"wp:featuredmedia":[{"embeddable":true,"href":"https:\/\/diarioregionaldigital.com.br\/index.php?rest_route=\/wp\/v2\/media\/135661"}],"wp:attachment":[{"href":"https:\/\/diarioregionaldigital.com.br\/index.php?rest_route=%2Fwp%2Fv2%2Fmedia&parent=135660"}],"wp:term":[{"taxonomy":"category","embeddable":true,"href":"https:\/\/diarioregionaldigital.com.br\/index.php?rest_route=%2Fwp%2Fv2%2Fcategories&post=135660"},{"taxonomy":"post_tag","embeddable":true,"href":"https:\/\/diarioregionaldigital.com.br\/index.php?rest_route=%2Fwp%2Fv2%2Ftags&post=135660"}],"curies":[{"name":"wp","href":"https:\/\/api.w.org\/{rel}","templated":true}]}}