{"id":135656,"date":"2019-03-12T14:33:33","date_gmt":"2019-03-12T17:33:33","guid":{"rendered":"https:\/\/diarioregionaldigital.com.br\/?p=135656"},"modified":"2019-03-12T14:33:33","modified_gmt":"2019-03-12T17:33:33","slug":"governador-romeu-zema-recebe-representantes-das-apaes-de-minas-gerais","status":"publish","type":"post","link":"https:\/\/diarioregionaldigital.com.br\/?p=135656","title":{"rendered":"Governador Romeu Zema recebe representantes das Apaes de Minas Gerais"},"content":{"rendered":"<p>O governador de Minas Gerais,\u00a0<a href=\"http:\/\/www.agenciaminas.mg.gov.br\/governador\/biografia\" target=\"_blank\" rel=\"noopener\">Romeu Zema<\/a>, recebeu nesta segunda-feira, 11, na Cidade Administrativa, em Belo Horizonte, representantes das Associa\u00e7\u00f5es de Pais e Amigos dos Excepcionais (Apaes) do Estado.<\/p>\n<p>Minas Gerais \u00e9 o estado com o maior n\u00famero de Apaes no Brasil, com 453 unidades. Segundo a Federa\u00e7\u00e3o Nacional das Apaes em Minas Gerais (Feapaes-MG), cerca de 80 mil pessoas s\u00e3o atendidas diretamente e outras 300 mil indiretamente pela institui\u00e7\u00e3o. As unidades desenvolvem as atividades por meio de conv\u00eanios com os governos federal e estadual e de doa\u00e7\u00f5es de volunt\u00e1rios.<\/p>\n<p>Durante o encontro, o governador ressaltou a import\u00e2ncia do trabalho da entidade no atendimento \u00e0 assist\u00eancia social, educa\u00e7\u00e3o e sa\u00fade.<\/p>\n<p>\u201cMinha conviv\u00eancia com as Apaes vem desde a inf\u00e2ncia, quando aprendi a respeitar e ver esse trabalho t\u00e3o importante feito pela institui\u00e7\u00e3o. Nas minhas idas ao interior, tenho visitado unidades para conhecer melhor. Farei o m\u00e1ximo que puder por essa institui\u00e7\u00e3o, que \u00e9 t\u00e3o importante para Minas e para o Brasil\u201d, afirmou Romeu Zema.<\/p>\n<p>Neste m\u00eas, o governador doou o valor de R$ 8.796,41 relativos ao sal\u00e1rio l\u00edquido como chefe do Executivo mineiro \u00e0 Apae de Papagaios, na regi\u00e3o Centro-Oeste de Minas. O repasse atendeu compromisso firmado durante a campanha de n\u00e3o receber o sal\u00e1rio at\u00e9 que todo o funcionalismo p\u00fablico esteja recebendo em dia. At\u00e9 que isso ocorra, outras institui\u00e7\u00f5es filantr\u00f3picas ser\u00e3o contempladas com o mesmo valor.<\/p>\n<p>O presidente da Feapaes-MG, Jarbas Feldner de Barros, explica que o recebimento de recursos da sociedade e de entes governamentais \u00e9 essencial para a manuten\u00e7\u00e3o das atividades da entidade.<\/p>\n<p>\u201cTemos parcerias com os governos federal e estadual. O Estado, por exemplo, nos fornece professores para as aulas nas nossas unidades. Essa parceria com o governo \u00e9 essencial, j\u00e1 que nossas receitas v\u00eam disso e de doa\u00e7\u00f5es de s\u00f3cios contribuintes. \u00c9 um trabalho que todo dia \u00e9 um desafio e a manuten\u00e7\u00e3o do servi\u00e7o depende de recursos\u201d, pontua.<\/p>\n<p><strong>Assist\u00eancia Social<\/strong><\/p>\n<p>Al\u00e9m de disponibilizar professores, outro aux\u00edlio prestado pelo Governo de Minas Gerais \u00e0s Apaes \u00e9 na \u00e1rea da assist\u00eancia social. O programa \u201cCasa Lar\u201d \u00e9 ofertado pela associa\u00e7\u00e3o, em parceria com a\u00a0<a href=\"http:\/\/www.social.mg.gov.br\/\" target=\"_blank\" rel=\"noopener\">Secretaria de Estado de Desenvolvimento Social<\/a>, e foi criado para abrigar usu\u00e1rios da extinta\u00a0Funda\u00e7\u00e3o Estadual para o Bem Estar do Menor (Febem).<\/p>\n<p>A atual gest\u00e3o colocou em dia os repasses do programa, que deixaram de ser pagos pelo governo anterior. Neste ano, a secretaria j\u00e1 transferiu R$ 2,6 milh\u00f5es para todas as 41 casas-lares existentes no estado e que atendem cerca de 290 pessoas. A secret\u00e1ria Elizabeth Juc\u00e1 tamb\u00e9m participou da reuni\u00e3o nesta segunda-feira.<\/p>\n<p>O presidente da Apae de Arax\u00e1, Ronaldo Jos\u00e9 Rocha, explica que a entidade presta atendimento a pessoas com defici\u00eancia f\u00edsica e intelectual de oito cidades da regi\u00e3o. Essas pessoas s\u00e3o encaminhadas pelas secretarias municipais de sa\u00fade e, por meio do Centro Especializado de Reabilita\u00e7\u00e3o, recebem atendimento de profissionais de diversas \u00e1reas da sa\u00fade, como m\u00e9dicos, fisioterapeutas e psic\u00f3logos. H\u00e1 ainda oferta de ensino e programas voltados a idosos.<\/p>\n<p>\u201cO custo para manter uma Apae \u00e9 muito alto. Atendemos pessoas carentes, de outros munic\u00edpios, damos alimenta\u00e7\u00e3o, fornecemos cadeiras de roda, cadeiras para banho, pr\u00f3teses. Tudo isso com recursos da pr\u00f3pria Apae. \u00c9 um trabalho fundamental\u201d, avalia Rocha.<\/p>\n<p>O deputado federal Eduardo Barbosa defende os repasses para as Apaes. \u201cEssas associa\u00e7\u00f5es s\u00e3o uma refer\u00eancia. Sempre que posso, eu ajudo, destinando minhas emendas parlamentares para auxiliar o trabalho delas\u201d, disse.<\/p>\n<p>Tamb\u00e9m participaram do encontro representantes da Apae de Arax\u00e1, Belo Horizonte e da Feapaes-MG.<\/p>\n<div style=\"width: 810px\" class=\"wp-caption alignnone\"><img loading=\"lazy\" decoding=\"async\" src=\"http:\/\/www.agenciaminas.mg.gov.br\/ckeditor_assets\/pictures\/5353\/content_rsc_3187.jpg\" alt=\"\" width=\"800\" height=\"534\" \/><p class=\"wp-caption-text\">Foto: Renato Cobucci\/Imprensa MG<\/p><\/div>\n<p>Fonte: Ag\u00eancia Minas<\/p>\n","protected":false},"excerpt":{"rendered":"<p>O governador de Minas Gerais,\u00a0Romeu Zema, recebeu nesta segunda-feira, 11, na Cidade Administrativa, em Belo Horizonte, representantes das Associa\u00e7\u00f5es de Pais e Amigos dos Excepcionais (Apaes) do Estado. Minas Gerais \u00e9 o estado com o maior n\u00famero de Apaes no Brasil, com 453 unidades. Segundo a Federa\u00e7\u00e3o Nacional das Apaes em Minas Gerais (Feapaes-MG), cerca [&hellip;]<\/p>\n","protected":false},"author":96,"featured_media":135657,"comment_status":"closed","ping_status":"closed","sticky":false,"template":"","format":"standard","meta":{"footnotes":""},"categories":[436,254,439],"tags":[],"class_list":["post-135656","post","type-post","status-publish","format-standard","has-post-thumbnail","hentry","category-destaque-da-semana","category-politica","category-ultima-hora"],"_links":{"self":[{"href":"https:\/\/diarioregionaldigital.com.br\/index.php?rest_route=\/wp\/v2\/posts\/135656","targetHints":{"allow":["GET"]}}],"collection":[{"href":"https:\/\/diarioregionaldigital.com.br\/index.php?rest_route=\/wp\/v2\/posts"}],"about":[{"href":"https:\/\/diarioregionaldigital.com.br\/index.php?rest_route=\/wp\/v2\/types\/post"}],"author":[{"embeddable":true,"href":"https:\/\/diarioregionaldigital.com.br\/index.php?rest_route=\/wp\/v2\/users\/96"}],"replies":[{"embeddable":true,"href":"https:\/\/diarioregionaldigital.com.br\/index.php?rest_route=%2Fwp%2Fv2%2Fcomments&post=135656"}],"version-history":[{"count":0,"href":"https:\/\/diarioregionaldigital.com.br\/index.php?rest_route=\/wp\/v2\/posts\/135656\/revisions"}],"wp:featuredmedia":[{"embeddable":true,"href":"https:\/\/diarioregionaldigital.com.br\/index.php?rest_route=\/wp\/v2\/media\/135657"}],"wp:attachment":[{"href":"https:\/\/diarioregionaldigital.com.br\/index.php?rest_route=%2Fwp%2Fv2%2Fmedia&parent=135656"}],"wp:term":[{"taxonomy":"category","embeddable":true,"href":"https:\/\/diarioregionaldigital.com.br\/index.php?rest_route=%2Fwp%2Fv2%2Fcategories&post=135656"},{"taxonomy":"post_tag","embeddable":true,"href":"https:\/\/diarioregionaldigital.com.br\/index.php?rest_route=%2Fwp%2Fv2%2Ftags&post=135656"}],"curies":[{"name":"wp","href":"https:\/\/api.w.org\/{rel}","templated":true}]}}