{"id":135648,"date":"2019-03-12T14:08:33","date_gmt":"2019-03-12T17:08:33","guid":{"rendered":"https:\/\/diarioregionaldigital.com.br\/?p=135648"},"modified":"2019-03-12T14:08:33","modified_gmt":"2019-03-12T17:08:33","slug":"presidente-da-anatel-apresentara-metas-na-comissao-de-ciencia-e-tecnologia","status":"publish","type":"post","link":"https:\/\/diarioregionaldigital.com.br\/?p=135648","title":{"rendered":"Presidente da Anatel apresentar\u00e1 metas na Comiss\u00e3o de Ci\u00eancia e Tecnologia"},"content":{"rendered":"<p>O presidente do Conselho Diretor da Ag\u00eancia Nacional de Telecomunica\u00e7\u00f5es (Anatel), Leonardo Euler de Morais, poder\u00e1 comparecer em breve \u00e0 Comiss\u00e3o de Ci\u00eancia, Tecnologia, Inova\u00e7\u00e3o, Comunica\u00e7\u00e3o e Inform\u00e1tica (CCT) para apresentar as a\u00e7\u00f5es do \u00f3rg\u00e3o para os pr\u00f3ximos anos. O requerimento para o convite, apresentado pelo senador Chico Rodrigues (DEM-RR), dever\u00e1 ser votado nesta quarta-feira, 13.<\/p>\n<p>Tamb\u00e9m est\u00e3o na pauta da comiss\u00e3o dois projetos de decreto legislativo. Um deles renova a autoriza\u00e7\u00e3o para execu\u00e7\u00e3o do servi\u00e7o de radiodifus\u00e3o comunit\u00e1ria dada \u00e0 Associa\u00e7\u00e3o Desenvolvimento Art\u00edstico Cultural Informativo e Social de Mirassol D\u2019oeste, no estado de Mato Grosso (PDS 91\/2017). O outro projeto d\u00e1 autoriza\u00e7\u00e3o \u00e0 Associa\u00e7\u00e3o Comunit\u00e1ria Vida e Cidadania para executar servi\u00e7o de radiodifus\u00e3o comunit\u00e1ria no munic\u00edpio cearense de Ic\u00f3 (PDS 74\/2018).<\/p>\n<p>A reuni\u00e3o da CCT est\u00e1 marcada para as 9h, na sala 15 da Ala Senador Alexandre Costa.<\/p>\n<p>Fonte: Ag\u00eancia Senado<\/p>\n","protected":false},"excerpt":{"rendered":"<p>O presidente do Conselho Diretor da Ag\u00eancia Nacional de Telecomunica\u00e7\u00f5es (Anatel), Leonardo Euler de Morais, poder\u00e1 comparecer em breve \u00e0 Comiss\u00e3o de Ci\u00eancia, Tecnologia, Inova\u00e7\u00e3o, Comunica\u00e7\u00e3o e Inform\u00e1tica (CCT) para apresentar as a\u00e7\u00f5es do \u00f3rg\u00e3o para os pr\u00f3ximos anos. O requerimento para o convite, apresentado pelo senador Chico Rodrigues (DEM-RR), dever\u00e1 ser votado nesta quarta-feira, [&hellip;]<\/p>\n","protected":false},"author":96,"featured_media":135649,"comment_status":"closed","ping_status":"closed","sticky":false,"template":"","format":"standard","meta":{"footnotes":""},"categories":[436,254,439],"tags":[],"class_list":["post-135648","post","type-post","status-publish","format-standard","has-post-thumbnail","hentry","category-destaque-da-semana","category-politica","category-ultima-hora"],"_links":{"self":[{"href":"https:\/\/diarioregionaldigital.com.br\/index.php?rest_route=\/wp\/v2\/posts\/135648","targetHints":{"allow":["GET"]}}],"collection":[{"href":"https:\/\/diarioregionaldigital.com.br\/index.php?rest_route=\/wp\/v2\/posts"}],"about":[{"href":"https:\/\/diarioregionaldigital.com.br\/index.php?rest_route=\/wp\/v2\/types\/post"}],"author":[{"embeddable":true,"href":"https:\/\/diarioregionaldigital.com.br\/index.php?rest_route=\/wp\/v2\/users\/96"}],"replies":[{"embeddable":true,"href":"https:\/\/diarioregionaldigital.com.br\/index.php?rest_route=%2Fwp%2Fv2%2Fcomments&post=135648"}],"version-history":[{"count":0,"href":"https:\/\/diarioregionaldigital.com.br\/index.php?rest_route=\/wp\/v2\/posts\/135648\/revisions"}],"wp:featuredmedia":[{"embeddable":true,"href":"https:\/\/diarioregionaldigital.com.br\/index.php?rest_route=\/wp\/v2\/media\/135649"}],"wp:attachment":[{"href":"https:\/\/diarioregionaldigital.com.br\/index.php?rest_route=%2Fwp%2Fv2%2Fmedia&parent=135648"}],"wp:term":[{"taxonomy":"category","embeddable":true,"href":"https:\/\/diarioregionaldigital.com.br\/index.php?rest_route=%2Fwp%2Fv2%2Fcategories&post=135648"},{"taxonomy":"post_tag","embeddable":true,"href":"https:\/\/diarioregionaldigital.com.br\/index.php?rest_route=%2Fwp%2Fv2%2Ftags&post=135648"}],"curies":[{"name":"wp","href":"https:\/\/api.w.org\/{rel}","templated":true}]}}