{"id":135642,"date":"2019-03-12T14:01:26","date_gmt":"2019-03-12T17:01:26","guid":{"rendered":"https:\/\/diarioregionaldigital.com.br\/?p=135642"},"modified":"2019-03-12T14:01:26","modified_gmt":"2019-03-12T17:01:26","slug":"ibge-preve-alta-de-1-na-safra-de-graos-de-2019","status":"publish","type":"post","link":"https:\/\/diarioregionaldigital.com.br\/?p=135642","title":{"rendered":"IBGE prev\u00ea alta de 1% na safra de gr\u00e3os de 2019"},"content":{"rendered":"<p>A produ\u00e7\u00e3o de cereais, leguminosas e oleaginosas em 2019 deve chegar a 228,8 milh\u00f5es de toneladas, 1% superior a 2018 (mais 2,3 milh\u00f5es de toneladas). Essa \u00e9 a estimativa do Instituto Brasileiro de Geografia e Estat\u00edstica (IBGE).<\/p>\n<p>A previs\u00e3o \u00e9 0,8% inferior \u00e0 divulgada em janeiro (menos 1,9 milh\u00e3o de toneladas).<\/p>\n<p>A estimativa da \u00e1rea a ser colhida chegou a 61,9 milh\u00f5es de hectares, com aumento de 1,7% frente a 2018 e queda de 0,3% em rela\u00e7\u00e3o ao levantamento de janeiro (menos 187,7 mil hectares).<\/p>\n<p>O arroz, o milho e a soja representaram 93,3% da estimativa da produ\u00e7\u00e3o e responderam por 87,3% da \u00e1rea a ser colhida. Em rela\u00e7\u00e3o a 2018, houve aumento de 3,3% na \u00e1rea do milho, 1,7% na \u00e1rea da soja e queda de 9,4% na \u00e1rea de arroz.<\/p>\n<p>Na produ\u00e7\u00e3o, ocorreram quedas de 3,8% para a soja, de 10,9% para o arroz e aumento de 9,8% para o milho.<\/p>\n<p>A estimativa da produ\u00e7\u00e3o de algod\u00e3o foi de 5,6 milh\u00f5es de toneladas, aumento de 3,7% em rela\u00e7\u00e3o ao janeiro, recorde da s\u00e9rie hist\u00f3rica do IBGE.<\/p>\n<p>A estimativa da produ\u00e7\u00e3o de arroz (em casca) caiu 6,2% em rela\u00e7\u00e3o ao m\u00eas anterior, correspondendo a uma redu\u00e7\u00e3o de 696 mil toneladas. Houve quedas de 2,1% na \u00e1rea plantada, de 3,0% na \u00e1rea a ser colhida e de 3,3% no rendimento m\u00e9dio. A produ\u00e7\u00e3o deve alcan\u00e7ar 10,5 milh\u00f5es de toneladas.<\/p>\n<p>A produ\u00e7\u00e3o estimada para o feij\u00e3o em gr\u00e3o, considerando-se as tr\u00eas safras do produto, foi de 2,9 milh\u00f5es de toneladas, com aumento de 0,3% em rela\u00e7\u00e3o a janeiro. Em rela\u00e7\u00e3o \u00e0 safra de 2018, a produ\u00e7\u00e3o total dever\u00e1 ser 1,2% menor.<\/p>\n<p>Fonte: Ag\u00eancia Brasil<\/p>\n","protected":false},"excerpt":{"rendered":"<p>A produ\u00e7\u00e3o de cereais, leguminosas e oleaginosas em 2019 deve chegar a 228,8 milh\u00f5es de toneladas, 1% superior a 2018 (mais 2,3 milh\u00f5es de toneladas). Essa \u00e9 a estimativa do Instituto Brasileiro de Geografia e Estat\u00edstica (IBGE). A previs\u00e3o \u00e9 0,8% inferior \u00e0 divulgada em janeiro (menos 1,9 milh\u00e3o de toneladas). A estimativa da \u00e1rea [&hellip;]<\/p>\n","protected":false},"author":96,"featured_media":135645,"comment_status":"closed","ping_status":"closed","sticky":false,"template":"","format":"standard","meta":{"footnotes":""},"categories":[436,261,439],"tags":[],"class_list":["post-135642","post","type-post","status-publish","format-standard","has-post-thumbnail","hentry","category-destaque-da-semana","category-economia","category-ultima-hora"],"_links":{"self":[{"href":"https:\/\/diarioregionaldigital.com.br\/index.php?rest_route=\/wp\/v2\/posts\/135642","targetHints":{"allow":["GET"]}}],"collection":[{"href":"https:\/\/diarioregionaldigital.com.br\/index.php?rest_route=\/wp\/v2\/posts"}],"about":[{"href":"https:\/\/diarioregionaldigital.com.br\/index.php?rest_route=\/wp\/v2\/types\/post"}],"author":[{"embeddable":true,"href":"https:\/\/diarioregionaldigital.com.br\/index.php?rest_route=\/wp\/v2\/users\/96"}],"replies":[{"embeddable":true,"href":"https:\/\/diarioregionaldigital.com.br\/index.php?rest_route=%2Fwp%2Fv2%2Fcomments&post=135642"}],"version-history":[{"count":0,"href":"https:\/\/diarioregionaldigital.com.br\/index.php?rest_route=\/wp\/v2\/posts\/135642\/revisions"}],"wp:featuredmedia":[{"embeddable":true,"href":"https:\/\/diarioregionaldigital.com.br\/index.php?rest_route=\/wp\/v2\/media\/135645"}],"wp:attachment":[{"href":"https:\/\/diarioregionaldigital.com.br\/index.php?rest_route=%2Fwp%2Fv2%2Fmedia&parent=135642"}],"wp:term":[{"taxonomy":"category","embeddable":true,"href":"https:\/\/diarioregionaldigital.com.br\/index.php?rest_route=%2Fwp%2Fv2%2Fcategories&post=135642"},{"taxonomy":"post_tag","embeddable":true,"href":"https:\/\/diarioregionaldigital.com.br\/index.php?rest_route=%2Fwp%2Fv2%2Ftags&post=135642"}],"curies":[{"name":"wp","href":"https:\/\/api.w.org\/{rel}","templated":true}]}}