{"id":135641,"date":"2019-03-12T13:54:16","date_gmt":"2019-03-12T16:54:16","guid":{"rendered":"https:\/\/diarioregionaldigital.com.br\/?p=135641"},"modified":"2019-03-12T13:54:16","modified_gmt":"2019-03-12T16:54:16","slug":"presidente-do-paraguai-e-recebido-por-bolsonaro-no-palacio-do-planalto","status":"publish","type":"post","link":"https:\/\/diarioregionaldigital.com.br\/?p=135641","title":{"rendered":"Presidente do Paraguai \u00e9 recebido por Bolsonaro no Pal\u00e1cio do Planalto"},"content":{"rendered":"<p>O presidente do Paraguai, Mario Abdo Ben\u00edtez, \u00e9 recebido na manh\u00e3 de hoje, 12, pelo presidente Jair Bolsonaro, em Bras\u00edlia, em uma visita oficial de Estado. A cerim\u00f4nia de chegada come\u00e7ou com revista \u00e0s tropas e subida da rampa do Pal\u00e1cio do Planalto.<\/p>\n<p>Ap\u00f3s os cumprimentos e apresenta\u00e7\u00e3o das delega\u00e7\u00f5es, os dois seguiram para um encontro privado. Em seguida, haver\u00e1 uma reuni\u00e3o ampliada com os ministros e outras autoridades. A previs\u00e3o \u00e9 que os dois presidentes fa\u00e7am uma declara\u00e7\u00e3o \u00e0 imprensa, no final da manh\u00e3, antes de seguirem para o Pal\u00e1cio Itamaraty, onde ser\u00e1 oferecido um almo\u00e7o Abdo. O paraguaio embarca ainda hoje de volta \u00e0 capital Assun\u00e7\u00e3o.<\/p>\n<p>Na pauta de discuss\u00f5es est\u00e3o, entre outros assuntos, est\u00e3o renegocia\u00e7\u00e3o do Anexo C do Tratado de Itaipu, seguran\u00e7a de fronteira e coopera\u00e7\u00e3o comercial. Mais cedo, no Twitter, Bolsonaro destacou o objetivo do objetivo do encontro. \u201c[Queremos] fomentar nossos la\u00e7os com um de nossos maiores parceiros econ\u00f4micos vizinhos, al\u00e9m de possibilitar desenvolvimento nas \u00e1reas de infraestrutura e preocupa\u00e7\u00f5es compartilhadas em rela\u00e7\u00e3o a seguran\u00e7a.\u201d<\/p>\n<p>Tamb\u00e9m pelo Twitter, Abdo anunciou sua chegada a Bras\u00edlia e a disposi\u00e7\u00e3o em discutir quest\u00f5es da agenda bilateral, que coincidem &#8220;com as vis\u00f5es e prioridades&#8221; dos dois governos.<\/p>\n<p>Essa \u00e9 a segunda visita oficial de um chefe de Estado desde a posse de Bolsonaro. No dia 16 de janeiro, o presidente brasileiro recebeu o argentino, Mauricio Macri.<\/p>\n<p>Fonte: Ag\u00eancia Brasil<\/p>\n","protected":false},"excerpt":{"rendered":"<p>O presidente do Paraguai, Mario Abdo Ben\u00edtez, \u00e9 recebido na manh\u00e3 de hoje, 12, pelo presidente Jair Bolsonaro, em Bras\u00edlia, em uma visita oficial de Estado. A cerim\u00f4nia de chegada come\u00e7ou com revista \u00e0s tropas e subida da rampa do Pal\u00e1cio do Planalto. Ap\u00f3s os cumprimentos e apresenta\u00e7\u00e3o das delega\u00e7\u00f5es, os dois seguiram para um [&hellip;]<\/p>\n","protected":false},"author":96,"featured_media":135643,"comment_status":"closed","ping_status":"closed","sticky":false,"template":"","format":"standard","meta":{"footnotes":""},"categories":[436,254,439],"tags":[],"class_list":["post-135641","post","type-post","status-publish","format-standard","has-post-thumbnail","hentry","category-destaque-da-semana","category-politica","category-ultima-hora"],"_links":{"self":[{"href":"https:\/\/diarioregionaldigital.com.br\/index.php?rest_route=\/wp\/v2\/posts\/135641","targetHints":{"allow":["GET"]}}],"collection":[{"href":"https:\/\/diarioregionaldigital.com.br\/index.php?rest_route=\/wp\/v2\/posts"}],"about":[{"href":"https:\/\/diarioregionaldigital.com.br\/index.php?rest_route=\/wp\/v2\/types\/post"}],"author":[{"embeddable":true,"href":"https:\/\/diarioregionaldigital.com.br\/index.php?rest_route=\/wp\/v2\/users\/96"}],"replies":[{"embeddable":true,"href":"https:\/\/diarioregionaldigital.com.br\/index.php?rest_route=%2Fwp%2Fv2%2Fcomments&post=135641"}],"version-history":[{"count":0,"href":"https:\/\/diarioregionaldigital.com.br\/index.php?rest_route=\/wp\/v2\/posts\/135641\/revisions"}],"wp:featuredmedia":[{"embeddable":true,"href":"https:\/\/diarioregionaldigital.com.br\/index.php?rest_route=\/wp\/v2\/media\/135643"}],"wp:attachment":[{"href":"https:\/\/diarioregionaldigital.com.br\/index.php?rest_route=%2Fwp%2Fv2%2Fmedia&parent=135641"}],"wp:term":[{"taxonomy":"category","embeddable":true,"href":"https:\/\/diarioregionaldigital.com.br\/index.php?rest_route=%2Fwp%2Fv2%2Fcategories&post=135641"},{"taxonomy":"post_tag","embeddable":true,"href":"https:\/\/diarioregionaldigital.com.br\/index.php?rest_route=%2Fwp%2Fv2%2Ftags&post=135641"}],"curies":[{"name":"wp","href":"https:\/\/api.w.org\/{rel}","templated":true}]}}