{"id":135633,"date":"2019-03-12T13:50:21","date_gmt":"2019-03-12T16:50:21","guid":{"rendered":"https:\/\/diarioregionaldigital.com.br\/?p=135633"},"modified":"2019-03-12T13:50:21","modified_gmt":"2019-03-12T16:50:21","slug":"inflacao-oficial-sobe-em-fevereiro-puxada-por-alimentacao-e-educacao","status":"publish","type":"post","link":"https:\/\/diarioregionaldigital.com.br\/?p=135633","title":{"rendered":"Infla\u00e7\u00e3o oficial sobe em fevereiro puxada por alimenta\u00e7\u00e3o e educa\u00e7\u00e3o"},"content":{"rendered":"<p>O \u00cdndice Nacional de Pre\u00e7os ao Consumidor Amplo (IPCA), que calcula a infla\u00e7\u00e3o oficial do pa\u00eds, ficou em 0,43% em fevereiro deste ano. A taxa \u00e9 superior ao 0,32% em janeiro, segundo dados divulgados hoje,12, pelo Instituto Brasileiro de Geografia e Estat\u00edstica (IBGE).<\/p>\n<p>O IPCA acumula taxas de 0,75% no ano e de 3,89% em 12 meses, de acordo com o IBGE. A infla\u00e7\u00e3o acumulada em 12 meses ficou pouco abaixo da meta da infla\u00e7\u00e3o do governo federal, que \u00e9 4,25%.<\/p>\n<p>A infla\u00e7\u00e3o de fevereiro foi puxada principalmente pelos alimentos, que tiveram infla\u00e7\u00e3o de 0,78% no m\u00eas, e pelos gastos com educa\u00e7\u00e3o, que cresceram 3,56% no per\u00edodo.<\/p>\n<p>Entre os respons\u00e1veis pela alta de pre\u00e7os do grupo alimenta\u00e7\u00e3o est\u00e3o o feij\u00e3o-carioca (51,58%), a batata-inglesa (25,21%), as hortali\u00e7as (12,13%) e o leite longa vida (2,41%).<\/p>\n<p>Os gastos com educa\u00e7\u00e3o foram puxados pelos reajustes praticados no in\u00edcio do ano letivo. As mensalidades dos cursos regulares subiram, em m\u00e9dia, 4,58% e foram o item individual que mais contribuiu para o resultado do IPCA em fevereiro.<\/p>\n<p>Tamb\u00e9m registraram infla\u00e7\u00e3o os grupos habita\u00e7\u00e3o (0,38%), artigos de resid\u00eancia (0,2%), sa\u00fade e cuidados pessoais (0,49%) e despesas pessoais (0,18%). Os custos com comunica\u00e7\u00e3o permaneceram est\u00e1veis em rela\u00e7\u00e3o a janeiro.<\/p>\n<p>Por outro lado, registraram defla\u00e7\u00e3o (queda de pre\u00e7os) os grupos vestu\u00e1rio (0,33%) e transportes (0,34%).<\/p>\n<p>Fonte: Ag\u00eancia Brasil<\/p>\n","protected":false},"excerpt":{"rendered":"<p>O \u00cdndice Nacional de Pre\u00e7os ao Consumidor Amplo (IPCA), que calcula a infla\u00e7\u00e3o oficial do pa\u00eds, ficou em 0,43% em fevereiro deste ano. A taxa \u00e9 superior ao 0,32% em janeiro, segundo dados divulgados hoje,12, pelo Instituto Brasileiro de Geografia e Estat\u00edstica (IBGE). O IPCA acumula taxas de 0,75% no ano e de 3,89% em [&hellip;]<\/p>\n","protected":false},"author":96,"featured_media":135637,"comment_status":"closed","ping_status":"closed","sticky":false,"template":"","format":"standard","meta":{"footnotes":""},"categories":[436,261,439],"tags":[],"class_list":["post-135633","post","type-post","status-publish","format-standard","has-post-thumbnail","hentry","category-destaque-da-semana","category-economia","category-ultima-hora"],"_links":{"self":[{"href":"https:\/\/diarioregionaldigital.com.br\/index.php?rest_route=\/wp\/v2\/posts\/135633","targetHints":{"allow":["GET"]}}],"collection":[{"href":"https:\/\/diarioregionaldigital.com.br\/index.php?rest_route=\/wp\/v2\/posts"}],"about":[{"href":"https:\/\/diarioregionaldigital.com.br\/index.php?rest_route=\/wp\/v2\/types\/post"}],"author":[{"embeddable":true,"href":"https:\/\/diarioregionaldigital.com.br\/index.php?rest_route=\/wp\/v2\/users\/96"}],"replies":[{"embeddable":true,"href":"https:\/\/diarioregionaldigital.com.br\/index.php?rest_route=%2Fwp%2Fv2%2Fcomments&post=135633"}],"version-history":[{"count":0,"href":"https:\/\/diarioregionaldigital.com.br\/index.php?rest_route=\/wp\/v2\/posts\/135633\/revisions"}],"wp:featuredmedia":[{"embeddable":true,"href":"https:\/\/diarioregionaldigital.com.br\/index.php?rest_route=\/wp\/v2\/media\/135637"}],"wp:attachment":[{"href":"https:\/\/diarioregionaldigital.com.br\/index.php?rest_route=%2Fwp%2Fv2%2Fmedia&parent=135633"}],"wp:term":[{"taxonomy":"category","embeddable":true,"href":"https:\/\/diarioregionaldigital.com.br\/index.php?rest_route=%2Fwp%2Fv2%2Fcategories&post=135633"},{"taxonomy":"post_tag","embeddable":true,"href":"https:\/\/diarioregionaldigital.com.br\/index.php?rest_route=%2Fwp%2Fv2%2Ftags&post=135633"}],"curies":[{"name":"wp","href":"https:\/\/api.w.org\/{rel}","templated":true}]}}