{"id":135632,"date":"2019-03-12T13:48:36","date_gmt":"2019-03-12T16:48:36","guid":{"rendered":"https:\/\/diarioregionaldigital.com.br\/?p=135632"},"modified":"2019-03-12T13:48:36","modified_gmt":"2019-03-12T16:48:36","slug":"indice-que-reajusta-aluguel-acumula-taxa-de-768-em-12-meses","status":"publish","type":"post","link":"https:\/\/diarioregionaldigital.com.br\/?p=135632","title":{"rendered":"\u00cdndice que reajusta aluguel acumula taxa de 7,68% em 12 meses"},"content":{"rendered":"<p>O \u00cdndice Geral de Pre\u00e7os \u2013 Mercado (IGP-M), usado no reajuste dos contratos de aluguel, registrou infla\u00e7\u00e3o de 0,71% na primeira pr\u00e9via de mar\u00e7o. A taxa \u00e9 superior ao 0,2% de fevereiro deste ano. Com o resultado, o IGP-M acumula taxa de infla\u00e7\u00e3o de 7,68% em 12 meses, segundo a Funda\u00e7\u00e3o Getulio Vargas (FGV).<\/p>\n<p>A alta da taxa na pr\u00e9via de fevereiro para a pr\u00e9via de mar\u00e7o foi provocada pelos pre\u00e7os no atacado e no varejo. O \u00cdndice de Pre\u00e7os ao Produtor Amplo, que avalia o atacado, subiu de 0,22% em fevereiro para 0,9% em mar\u00e7o. O \u00cdndice de Pre\u00e7os ao Consumidor, que avalia o varejo, passou de 0,14% para 0,47% no per\u00edodo.<\/p>\n<p>A infla\u00e7\u00e3o do \u00cdndice Nacional de Custo da Constru\u00e7\u00e3o caiu de 0,25% na pr\u00e9via de fevereiro para 0,02% na pr\u00e9via de mar\u00e7o.<\/p>\n<p>Fonte: Ag\u00eancia Brasil<\/p>\n","protected":false},"excerpt":{"rendered":"<p>O \u00cdndice Geral de Pre\u00e7os \u2013 Mercado (IGP-M), usado no reajuste dos contratos de aluguel, registrou infla\u00e7\u00e3o de 0,71% na primeira pr\u00e9via de mar\u00e7o. A taxa \u00e9 superior ao 0,2% de fevereiro deste ano. Com o resultado, o IGP-M acumula taxa de infla\u00e7\u00e3o de 7,68% em 12 meses, segundo a Funda\u00e7\u00e3o Getulio Vargas (FGV). A [&hellip;]<\/p>\n","protected":false},"author":96,"featured_media":135635,"comment_status":"closed","ping_status":"closed","sticky":false,"template":"","format":"standard","meta":{"footnotes":""},"categories":[436,261,439],"tags":[],"class_list":["post-135632","post","type-post","status-publish","format-standard","has-post-thumbnail","hentry","category-destaque-da-semana","category-economia","category-ultima-hora"],"_links":{"self":[{"href":"https:\/\/diarioregionaldigital.com.br\/index.php?rest_route=\/wp\/v2\/posts\/135632","targetHints":{"allow":["GET"]}}],"collection":[{"href":"https:\/\/diarioregionaldigital.com.br\/index.php?rest_route=\/wp\/v2\/posts"}],"about":[{"href":"https:\/\/diarioregionaldigital.com.br\/index.php?rest_route=\/wp\/v2\/types\/post"}],"author":[{"embeddable":true,"href":"https:\/\/diarioregionaldigital.com.br\/index.php?rest_route=\/wp\/v2\/users\/96"}],"replies":[{"embeddable":true,"href":"https:\/\/diarioregionaldigital.com.br\/index.php?rest_route=%2Fwp%2Fv2%2Fcomments&post=135632"}],"version-history":[{"count":0,"href":"https:\/\/diarioregionaldigital.com.br\/index.php?rest_route=\/wp\/v2\/posts\/135632\/revisions"}],"wp:featuredmedia":[{"embeddable":true,"href":"https:\/\/diarioregionaldigital.com.br\/index.php?rest_route=\/wp\/v2\/media\/135635"}],"wp:attachment":[{"href":"https:\/\/diarioregionaldigital.com.br\/index.php?rest_route=%2Fwp%2Fv2%2Fmedia&parent=135632"}],"wp:term":[{"taxonomy":"category","embeddable":true,"href":"https:\/\/diarioregionaldigital.com.br\/index.php?rest_route=%2Fwp%2Fv2%2Fcategories&post=135632"},{"taxonomy":"post_tag","embeddable":true,"href":"https:\/\/diarioregionaldigital.com.br\/index.php?rest_route=%2Fwp%2Fv2%2Ftags&post=135632"}],"curies":[{"name":"wp","href":"https:\/\/api.w.org\/{rel}","templated":true}]}}