{"id":135631,"date":"2019-03-12T13:47:06","date_gmt":"2019-03-12T16:47:06","guid":{"rendered":"https:\/\/diarioregionaldigital.com.br\/?p=135631"},"modified":"2019-03-12T13:47:06","modified_gmt":"2019-03-12T16:47:06","slug":"orgaos-federais-aceitam-cpf-como-documento-de-identificacao","status":"publish","type":"post","link":"https:\/\/diarioregionaldigital.com.br\/?p=135631","title":{"rendered":"\u00d3rg\u00e3os federais aceitam CPF como documento de identifica\u00e7\u00e3o"},"content":{"rendered":"<p>Um decreto\u00a0 publicado pelo governo federal no\u00a0<a href=\"http:\/\/www.in.gov.br\/materia\/-\/asset_publisher\/Kujrw0TZC2Mb\/content\/id\/66545657\" target=\"_blank\" rel=\"noopener\"><em>Di\u00e1rio Oficial da Uni\u00e3o<\/em><\/a>\u00a0(DOU) de hoje, 12, institui o Cadastro de Pessoas F\u00edsicas (CPF) como documento \u201csuficiente e substitutivo\u201d para o cidad\u00e3o obter uma s\u00e9rie de informa\u00e7\u00f5es e servi\u00e7os p\u00fablicos no \u00e2mbito federal.<\/p>\n<p>O Decreto n\u00ba 9.723 ratifica a dispensa do reconhecimento de firma e da autentica\u00e7\u00e3o em documentos produzidos no Pa\u00eds e institui a Carta de Servi\u00e7os ao Usu\u00e1rio. As medidas visam a simplifica\u00e7\u00e3o do atendimento aos usu\u00e1rios dos servi\u00e7os p\u00fablicos por meio da redu\u00e7\u00e3o da burocracia estatal.<\/p>\n<p>Com a iniciativa em vigor, os cidad\u00e3os que requisitarem informa\u00e7\u00f5es p\u00fablicas, demandarem servi\u00e7os ou solicitarem benef\u00edcios concedidos por \u00f3rg\u00e3os e entidades federais poder\u00e3o, salvo as exce\u00e7\u00f5es previstas no decreto, informar o n\u00famero de inscri\u00e7\u00e3o no CPF em substitui\u00e7\u00e3o aos n\u00fameros de Identifica\u00e7\u00e3o do Trabalhador (NIT); dos programas de Integra\u00e7\u00e3o Social (PIS) ou de Forma\u00e7\u00e3o do Patrim\u00f4nio do Servidor P\u00fablico (Pasep); bem como da Carteira de Trabalho e Previd\u00eancia Social (CTPS) e da Carteira Nacional de Habilita\u00e7\u00e3o.<\/p>\n<p>O CPF tamb\u00e9m poder\u00e1 ser informado em substitui\u00e7\u00e3o aos n\u00fameros de matr\u00edcula em institui\u00e7\u00f5es p\u00fablicas federais de ensino superior; dos Certificados de Alistamento Militar, Reservista, Dispensa de Incorpora\u00e7\u00e3o ou de Isen\u00e7\u00e3o do Servi\u00e7o Militar, al\u00e9m dos registros de inscri\u00e7\u00e3o em conselhos de fiscaliza\u00e7\u00e3o de profiss\u00e3o regulamentada; do n\u00famero de inscri\u00e7\u00e3o no Cadastro \u00danico para Programas Sociais do Governo Federal (Cad\u00danico) e demais n\u00fameros de inscri\u00e7\u00e3o existentes em bases de dados p\u00fablicas federais.<\/p>\n<p>Assinado pelo presidente da Rep\u00fablica, Jair Bolsonaro, pelo ministro da Economia, Paulo Guedes, e pelo advogado-geral da Uni\u00e3o, Andr\u00e9 Luiz de Almeida Mendon\u00e7a, odecreto estabelece que a substitui\u00e7\u00e3o dos demais dados pelo n\u00famero de inscri\u00e7\u00e3o no CPF \u00e9 ato preparat\u00f3rio \u00e0 implementa\u00e7\u00e3o do Documento Nacional de Identidade (DNI), previso na\u00a0<a href=\"http:\/\/www.planalto.gov.br\/ccivil_03\/_ato2015-2018\/2017\/lei\/L13444.htm\" target=\"_blank\" rel=\"noopener\">Lei 13.444<\/a>\u00a0, de maio de 2017.<\/p>\n<p>Os \u00f3rg\u00e3os e as entidades da administra\u00e7\u00e3o p\u00fablica federal ter\u00e3o tr\u00eas meses, a partir da publica\u00e7\u00e3o do decreto, para adequar os sistemas e procedimentos de atendimento ao cidad\u00e3o \u00e0s mudan\u00e7as. E um ano para consolidar os cadastros e as bases de dados a partir do n\u00famero do (CPF).<\/p>\n<p>Fonte: Ag\u00eancia Brasil<\/p>\n","protected":false},"excerpt":{"rendered":"<p>Um decreto\u00a0 publicado pelo governo federal no\u00a0Di\u00e1rio Oficial da Uni\u00e3o\u00a0(DOU) de hoje, 12, institui o Cadastro de Pessoas F\u00edsicas (CPF) como documento \u201csuficiente e substitutivo\u201d para o cidad\u00e3o obter uma s\u00e9rie de informa\u00e7\u00f5es e servi\u00e7os p\u00fablicos no \u00e2mbito federal. O Decreto n\u00ba 9.723 ratifica a dispensa do reconhecimento de firma e da autentica\u00e7\u00e3o em documentos [&hellip;]<\/p>\n","protected":false},"author":96,"featured_media":97343,"comment_status":"closed","ping_status":"closed","sticky":false,"template":"","format":"standard","meta":{"footnotes":""},"categories":[436,254,439],"tags":[],"class_list":["post-135631","post","type-post","status-publish","format-standard","has-post-thumbnail","hentry","category-destaque-da-semana","category-politica","category-ultima-hora"],"_links":{"self":[{"href":"https:\/\/diarioregionaldigital.com.br\/index.php?rest_route=\/wp\/v2\/posts\/135631","targetHints":{"allow":["GET"]}}],"collection":[{"href":"https:\/\/diarioregionaldigital.com.br\/index.php?rest_route=\/wp\/v2\/posts"}],"about":[{"href":"https:\/\/diarioregionaldigital.com.br\/index.php?rest_route=\/wp\/v2\/types\/post"}],"author":[{"embeddable":true,"href":"https:\/\/diarioregionaldigital.com.br\/index.php?rest_route=\/wp\/v2\/users\/96"}],"replies":[{"embeddable":true,"href":"https:\/\/diarioregionaldigital.com.br\/index.php?rest_route=%2Fwp%2Fv2%2Fcomments&post=135631"}],"version-history":[{"count":0,"href":"https:\/\/diarioregionaldigital.com.br\/index.php?rest_route=\/wp\/v2\/posts\/135631\/revisions"}],"wp:featuredmedia":[{"embeddable":true,"href":"https:\/\/diarioregionaldigital.com.br\/index.php?rest_route=\/wp\/v2\/media\/97343"}],"wp:attachment":[{"href":"https:\/\/diarioregionaldigital.com.br\/index.php?rest_route=%2Fwp%2Fv2%2Fmedia&parent=135631"}],"wp:term":[{"taxonomy":"category","embeddable":true,"href":"https:\/\/diarioregionaldigital.com.br\/index.php?rest_route=%2Fwp%2Fv2%2Fcategories&post=135631"},{"taxonomy":"post_tag","embeddable":true,"href":"https:\/\/diarioregionaldigital.com.br\/index.php?rest_route=%2Fwp%2Fv2%2Ftags&post=135631"}],"curies":[{"name":"wp","href":"https:\/\/api.w.org\/{rel}","templated":true}]}}