{"id":135627,"date":"2019-03-12T13:39:52","date_gmt":"2019-03-12T16:39:52","guid":{"rendered":"https:\/\/diarioregionaldigital.com.br\/?p=135627"},"modified":"2019-03-12T13:42:33","modified_gmt":"2019-03-12T16:42:33","slug":"policia-prende-no-rio-dois-suspeitos-de-matar-marielle-franco","status":"publish","type":"post","link":"https:\/\/diarioregionaldigital.com.br\/?p=135627","title":{"rendered":"Pol\u00edcia prende no Rio dois suspeitos de matar Marielle Franco"},"content":{"rendered":"<p>Uma opera\u00e7\u00e3o conjunta do Minist\u00e9rio P\u00fablico e da Pol\u00edcia Civil do Rio de Janeiro prendeu na madrugada de hoje (12) dois\u00a0suspeitos de matar\u00a0a vereadora Marielle Franco e o motorista Anderson Gomes em\u00a014 de mar\u00e7o de 2018. Ronie Lessa \u00e9 policial militar reformado e Elcio Vieira de Queiroz foi expulso da Pol\u00edcia Militar.<\/p>\n<p>Segundo o Minist\u00e9rio P\u00fablico, os dois foram denunciados depois de an\u00e1lises de diversas provas. Lessa teria sido o autor dos disparos de arma de fogo e Elcio, o condutor do ve\u00edculo usado na execu\u00e7\u00e3o.<\/p>\n<p>De acordo com o MP, o crime foi planejado nos tr\u00eas meses que antecederam os assassinatos.<\/p>\n<h2>Opera\u00e7\u00e3o<\/h2>\n<p>Al\u00e9m dos mandados de pris\u00e3o, a chamada Opera\u00e7\u00e3o Lume cumpre mandados de busca e apreens\u00e3o em endere\u00e7os dos dois suspeitos, para apreender documentos, telefones celulares, computadores, armas e acess\u00f3rios.<\/p>\n<p>Na den\u00fancia apresentada \u00e0 Justi\u00e7a, o MP tamb\u00e9m pediu a suspens\u00e3o da remunera\u00e7\u00e3o e do porte de arma de fogo de Lessa, a indeniza\u00e7\u00e3o por danos morais aos familiares das v\u00edtimas e a fixa\u00e7\u00e3o de pens\u00e3o em favor do filho menor de Anderson at\u00e9 completar 24 anos de idade.<\/p>\n<p>Segundo o MP, o nome da opera\u00e7\u00e3o \u00e9 uma refer\u00eancia a uma pra\u00e7a no Centro do Rio, conhecida como Buraco do Lume, onde Marielle desenvolvia um projeto chamado Lume Feminista. No local, ela tamb\u00e9m costumava se reunir com outros defensores dos direitos humanos e integrantes do seu partido, o PSOL. \u201cAl\u00e9m de significar qualquer tipo de luz ou claridade, a palavra lume comp\u00f5e a express\u00e3o &#8216;trazer a lume&#8217;, que significa trazer ao conhecimento p\u00fablico, vir \u00e0 luz\u201d, informa a nota.<\/p>\n<h2>Presos<\/h2>\n<p>Apesar de outros suspeitos terem sido apresentados anteriormente, Ronnie Lessa e \u00c9lcio Queiroz s\u00e3o os primeiros a serem formalmente denunciados e presos pelo crime.<\/p>\n<p>Ronnie Lessa foi aposentado depois de um atentado a bomba contra ele, que resultou na amputa\u00e7\u00e3o de uma de suas pernas e que teria sido provocado por uma briga entre fac\u00e7\u00f5es criminosas.<\/p>\n<p>J\u00e1 \u00c9lcio Queiroz chegou a ser preso em 2011 na Opera\u00e7\u00e3o Guilhotina, da Pol\u00edcia Federal, que apurou o envolvimento de policiais militares com traficantes de drogas e com grupos milicianos. Na \u00e9poca, Queiroz era lotado no Batalh\u00e3o de Olaria (16\u00ba BPM).<\/p>\n<p>Antes de apresentar os primeiros denunciados pelo crime, a pol\u00edcia suspeitava que o crime havia sido planejado por Orlando Oliveira de Ara\u00fajo, o Orlando Curicica, que teria envolvimento com mil\u00edcias e que est\u00e1 preso desde outubro de 2017.<\/p>\n<p>No entanto, o pr\u00f3prio Curicica denunciou \u00e0 Procuradoria-Geral da Rep\u00fablica que ele estava sendo coagido pela Pol\u00edcia Civil a assumir a autoria do crime. Por isso, em outubro, a Pol\u00edcia Federal entrou no caso, para apurar a atua\u00e7\u00e3o da Pol\u00edcia Civil.<\/p>\n<h2>Assassinatos<\/h2>\n<p>O crime ocorreu no cruzamento das ruas Joaquim Palhares, Est\u00e1cio de S\u00e1 e Jo\u00e3o Paulo I, pouco mais de um quil\u00f4metro distante da casa de Marielle. Um carro emparelhou com o chevrolet Agile da vereadora e v\u00e1rios tiros foram disparados contra o banco de tr\u00e1s, justamente onde estava Marielle. Treze disparos atingiram o carro.<\/p>\n<p>Quatro tiros atingiram a cabe\u00e7a da parlamentar. Apesar dos disparos terem sido feitos contra o vidro traseiro, tr\u00eas deles, por causa da trajet\u00f3ria dos proj\u00e9teis, chegaram at\u00e9 a frente do carro e perfuraram as costas do motorista Anderson Gomes. Os dois morreram ainda no local.<\/p>\n<p>A \u00fanica sobrevivente foi uma assessora de Marielle. O carro ou os carros usados no crime (acredita-se que tenham sido dois) deixaram o local sem que os autores do homic\u00eddio pudessem ser identificados, pois as c\u00e2meras de tr\u00e2nsito que existem na regi\u00e3o estavam desligadas.<\/p>\n<p>Fonte: Ag\u00eancia Brasil<\/p>\n","protected":false},"excerpt":{"rendered":"<p>Uma opera\u00e7\u00e3o conjunta do Minist\u00e9rio P\u00fablico e da Pol\u00edcia Civil do Rio de Janeiro prendeu na madrugada de hoje (12) dois\u00a0suspeitos de matar\u00a0a vereadora Marielle Franco e o motorista Anderson Gomes em\u00a014 de mar\u00e7o de 2018. Ronie Lessa \u00e9 policial militar reformado e Elcio Vieira de Queiroz foi expulso da Pol\u00edcia Militar. Segundo o Minist\u00e9rio [&hellip;]<\/p>\n","protected":false},"author":96,"featured_media":135628,"comment_status":"closed","ping_status":"closed","sticky":false,"template":"","format":"standard","meta":{"footnotes":""},"categories":[302,436,440,439],"tags":[],"class_list":["post-135627","post","type-post","status-publish","format-standard","has-post-thumbnail","hentry","category-brasil-mundo","category-destaque-da-semana","category-destaques-do-dia","category-ultima-hora"],"_links":{"self":[{"href":"https:\/\/diarioregionaldigital.com.br\/index.php?rest_route=\/wp\/v2\/posts\/135627","targetHints":{"allow":["GET"]}}],"collection":[{"href":"https:\/\/diarioregionaldigital.com.br\/index.php?rest_route=\/wp\/v2\/posts"}],"about":[{"href":"https:\/\/diarioregionaldigital.com.br\/index.php?rest_route=\/wp\/v2\/types\/post"}],"author":[{"embeddable":true,"href":"https:\/\/diarioregionaldigital.com.br\/index.php?rest_route=\/wp\/v2\/users\/96"}],"replies":[{"embeddable":true,"href":"https:\/\/diarioregionaldigital.com.br\/index.php?rest_route=%2Fwp%2Fv2%2Fcomments&post=135627"}],"version-history":[{"count":0,"href":"https:\/\/diarioregionaldigital.com.br\/index.php?rest_route=\/wp\/v2\/posts\/135627\/revisions"}],"wp:featuredmedia":[{"embeddable":true,"href":"https:\/\/diarioregionaldigital.com.br\/index.php?rest_route=\/wp\/v2\/media\/135628"}],"wp:attachment":[{"href":"https:\/\/diarioregionaldigital.com.br\/index.php?rest_route=%2Fwp%2Fv2%2Fmedia&parent=135627"}],"wp:term":[{"taxonomy":"category","embeddable":true,"href":"https:\/\/diarioregionaldigital.com.br\/index.php?rest_route=%2Fwp%2Fv2%2Fcategories&post=135627"},{"taxonomy":"post_tag","embeddable":true,"href":"https:\/\/diarioregionaldigital.com.br\/index.php?rest_route=%2Fwp%2Fv2%2Ftags&post=135627"}],"curies":[{"name":"wp","href":"https:\/\/api.w.org\/{rel}","templated":true}]}}