{"id":135607,"date":"2019-03-12T06:00:08","date_gmt":"2019-03-12T09:00:08","guid":{"rendered":"https:\/\/diarioregionaldigital.com.br\/?p=135607"},"modified":"2019-03-11T20:29:06","modified_gmt":"2019-03-11T23:29:06","slug":"prefeitura-municipal-de-tocantins-licitacao-no019-12-03-19","status":"publish","type":"post","link":"https:\/\/diarioregionaldigital.com.br\/?p=135607","title":{"rendered":"Prefeitura Municipal de Tocantins &#8211; Licita\u00e7\u00e3o n\u00ba019 &#8211; 12\/03\/19"},"content":{"rendered":"<p style=\"margin: 0cm; margin-bottom: .0001pt; text-align: center; background: white;\" align=\"center\"><b><span style=\"font-family: 'Century Gothic','sans-serif'; color: black;\">AVISO DE LICITA\u00c7\u00c3O<\/span><\/b><\/p>\n<p style=\"margin: 0cm; margin-bottom: .0001pt; text-align: center; background: white;\" align=\"center\"><b><span style=\"font-family: 'Century Gothic','sans-serif'; color: black;\">\u00a0<\/span><\/b><\/p>\n<p style=\"margin: 0cm; margin-bottom: .0001pt; text-align: center; background: white;\" align=\"center\"><b><span style=\"font-family: 'Century Gothic','sans-serif'; color: black;\">Licita\u00e7\u00e3o n\u00b0 019\/2019<\/span><\/b><\/p>\n<p style=\"margin: 0cm; margin-bottom: .0001pt; text-align: center; background: white;\" align=\"center\"><b><span style=\"font-family: 'Century Gothic','sans-serif'; color: black;\">Modalidade de Preg\u00e3o Presencial n\u00b0 016\/2019<\/span><\/b><\/p>\n<p style=\"margin: 0cm; margin-bottom: .0001pt; text-align: justify; background: white;\"><span style=\"font-family: 'Century Gothic','sans-serif'; color: black;\">O Munic\u00edpio de TOCANTINS, na forma da lei, faz saber a todos os interessados que far\u00e1 licita\u00e7\u00e3o na modalidade de preg\u00e3o presencial, tendo como objeto contrata\u00e7\u00e3o de empresa para o fornecimento Consultoria e Acessoria Cont\u00e1bil, para o Fundo de Aposentadoria e Pens\u00e3o dos Servi\u00e7os P\u00fablicos Minicipais- FAPSESEM. Cuja sess\u00e3o p\u00fablica se dar\u00e1 no dia 25\/03\/2019 as 08:30 horas na sala da comiss\u00e3o de licita\u00e7\u00e3o, localizada na Av. Padre Mac\u00e1rio, n\u00b0 129, bairro Centro, munic\u00edpio de TOCANTINS\/MG. O edital completo encontra-se a disposi\u00e7\u00e3o dos interessados no endere\u00e7o citado anteriormente, no hor\u00e1rio de expediente de 08:00 as 11:00 horas e das 13:00 as 16:00 horas. TOCANTINS, 11 de mar\u00e7o de 2019.<\/span><\/p>\n","protected":false},"excerpt":{"rendered":"<p>AVISO DE LICITA\u00c7\u00c3O \u00a0 Licita\u00e7\u00e3o n\u00b0 019\/2019 Modalidade de Preg\u00e3o Presencial n\u00b0 016\/2019 O Munic\u00edpio de TOCANTINS, na forma da lei, faz saber a todos os interessados que far\u00e1 licita\u00e7\u00e3o na modalidade de preg\u00e3o presencial, tendo como objeto contrata\u00e7\u00e3o de empresa para o fornecimento Consultoria e Acessoria Cont\u00e1bil, para o Fundo de Aposentadoria e Pens\u00e3o [&hellip;]<\/p>\n","protected":false},"author":96,"featured_media":0,"comment_status":"closed","ping_status":"closed","sticky":false,"template":"","format":"standard","meta":{"footnotes":""},"categories":[307],"tags":[],"class_list":["post-135607","post","type-post","status-publish","format-standard","hentry","category-editais"],"_links":{"self":[{"href":"https:\/\/diarioregionaldigital.com.br\/index.php?rest_route=\/wp\/v2\/posts\/135607","targetHints":{"allow":["GET"]}}],"collection":[{"href":"https:\/\/diarioregionaldigital.com.br\/index.php?rest_route=\/wp\/v2\/posts"}],"about":[{"href":"https:\/\/diarioregionaldigital.com.br\/index.php?rest_route=\/wp\/v2\/types\/post"}],"author":[{"embeddable":true,"href":"https:\/\/diarioregionaldigital.com.br\/index.php?rest_route=\/wp\/v2\/users\/96"}],"replies":[{"embeddable":true,"href":"https:\/\/diarioregionaldigital.com.br\/index.php?rest_route=%2Fwp%2Fv2%2Fcomments&post=135607"}],"version-history":[{"count":0,"href":"https:\/\/diarioregionaldigital.com.br\/index.php?rest_route=\/wp\/v2\/posts\/135607\/revisions"}],"wp:attachment":[{"href":"https:\/\/diarioregionaldigital.com.br\/index.php?rest_route=%2Fwp%2Fv2%2Fmedia&parent=135607"}],"wp:term":[{"taxonomy":"category","embeddable":true,"href":"https:\/\/diarioregionaldigital.com.br\/index.php?rest_route=%2Fwp%2Fv2%2Fcategories&post=135607"},{"taxonomy":"post_tag","embeddable":true,"href":"https:\/\/diarioregionaldigital.com.br\/index.php?rest_route=%2Fwp%2Fv2%2Ftags&post=135607"}],"curies":[{"name":"wp","href":"https:\/\/api.w.org\/{rel}","templated":true}]}}